{"id":49878,"date":"2024-11-18T21:46:41","date_gmt":"2024-11-19T00:46:41","guid":{"rendered":"https:\/\/apub.org.br\/?p=49878"},"modified":"2024-11-18T22:47:54","modified_gmt":"2024-11-19T01:47:54","slug":"apub-e-reitoria-discutem-proposta-de-calendario-academico-de-2025-e-2026","status":"publish","type":"post","link":"https:\/\/apub.org.br\/siteantigo\/apub-e-reitoria-discutem-proposta-de-calendario-academico-de-2025-e-2026\/","title":{"rendered":"Apub e Reitoria discutem proposta de Calend\u00e1rio Acad\u00eamico de 2025 e 2026"},"content":{"rendered":"\n<p><em>Objetivo da Diretoria \u00e9 minimizar impactos na vida dos docentes, t\u00e9cnicos e estudantes<\/em><\/p>\n\n\n\n<p>O calend\u00e1rio de 2025 e 2026 apresentado ao Conselho Acad\u00eamico de Ensino (CAE) pela Superintend\u00eancia de Administra\u00e7\u00e3o Acad\u00eamica (SUPAC\/UFBA) foi pauta de uma reuni\u00e3o ocorrida nesta segunda-feira (18), entre representantes da diretoria da Apub Sindicato e da Reitoria da UFBA. A pauta, acolhida pela diretoria, ap\u00f3s reclama\u00e7\u00f5es de diversos docentes, ir\u00e1 tramitar pelas inst\u00e2ncias da UFBA como o Conselho Superior de Ensino, Pesquisa e Extens\u00e3o \u2013 Consepe.<\/p>\n\n\n\n<p>Representando a Apub, o Diretor de Comunica\u00e7\u00e3o, Jailson Alves dos Santos (IQ\/UFBA), cobrou uma discuss\u00e3o ampliada sobre o tema, ressaltando os impactos negativos na vida dos docentes e de toda a comunidade universit\u00e1ria na proposta apresentada pela SUPAC ao Conselho Acad\u00eamico de Ensino (CAE).<\/p>\n\n\n\n<p>Segundo o OFICIO N\u00ba 12146\/2024 da SUPAC\/UFBA, apresentado no dia 11 de novembro ao CAE, o semestre de 2025.1 ficaria previsto para o per\u00edodo de 24 de Mar\u00e7o de 2025 a 26 de julho de 2025. J\u00e1 o semestre de 2025.2, seria de 15 de Setembro a 07 de fevereiro de 2026.<\/p>\n\n\n\n<p>Segundo o diretor, que tem acompanhado de perto a pauta no CAE, a proposta foi apresentada brevemente no Conselho, gerando uma rea\u00e7\u00e3o imediata do corpo docente. Na audi\u00eancia, a Apub apresentou uma proposta de calend\u00e1rio, que ser\u00e1 avaliada pela Reitoria junto aos demais \u00f3rg\u00e3os, para garantir que n\u00e3o ocorram aulas em fevereiro. \u201cEsperamos que esse debate n\u00e3o se alongue muito e que cheguemos a uma proposta que n\u00e3o sacrifique as f\u00e9rias dos docentes, t\u00e9cnicos e estudantes\u201d, ressaltou Jaison.<\/p>\n\n\n\n<p>Al\u00e9m de apresentar a proposta, a diretoria da Apub saiu da audi\u00eancia com um indicativo positivo da Reitoria. O reitor em exerc\u00edcio, Penildon Silva Filho, se comprometeu em enviar documento, detalhando a proposi\u00e7\u00e3o do calend\u00e1rio, antes do envio para o Consepe, al\u00e9m da perman\u00eancia desse canal de di\u00e1logo com o sindicato.<\/p>\n\n\n\n<p>\u201cNada est\u00e1 definido. Todo ano anunciamos no CAE, fazemos um debate, o CONSEPE analisa e \u00e9 muito comum que o Conselho n\u00e3o delibere a proposta inicial.[&#8230;] N\u00f3s n\u00e3o vamos terminar essa discuss\u00e3o hoje e queremos manter essa interlocu\u00e7\u00e3o com o sindicato para continuar amadurecendo essa proposta\u201d, afirmou Penildon.&nbsp;<\/p>\n\n\n\n<p><strong>Implanta\u00e7\u00e3o do SIGAA<\/strong><\/p>\n\n\n\n<p>A mudan\u00e7a do calend\u00e1rio, com dois anos seguidos, com aulas em janeiro e fevereiro foi motivada, em 2025, pela greve da UFBA no \u00faltimo per\u00edodo.&nbsp; J\u00e1 em 2026, a necessidade de mudan\u00e7a, segundo a Reitoria, \u00e9 a necessidade de transi\u00e7\u00e3o do SIAC para o SIGAA.<\/p>\n\n\n\n<p>A superintendente da STI, Vaninha Vieira, destacou a import\u00e2ncia da implanta\u00e7\u00e3o do SIGAA, para permitir a integra\u00e7\u00e3o dos sistemas e sua atualiza\u00e7\u00e3o que est\u00e1 tecnicamente defasada.&nbsp;<\/p>\n\n\n\n<p>Segundo a superintendente, a migra\u00e7\u00e3o para o SIGAA \u00e9 necess\u00e1ria para trazer mudan\u00e7as como a digitaliza\u00e7\u00e3o do processo de progress\u00e3o e promo\u00e7\u00e3o de carreira, tornando-o automatizado e menos burocratizado. Al\u00e9m disso, facilitar\u00e1 pontos como a assinaturas de diplomas, bem como melhorias no processo de matr\u00edcula. Ela ressaltou, ainda, que o processo se dar\u00e1 em blocos, de forma gradativa.&nbsp;<\/p>\n\n\n\n<p>\u201cO SIGAA \u00e9 muito complexo, a gente vai implantando aos poucos. Ele j\u00e1 est\u00e1 implantado na p\u00f3s-gradua\u00e7\u00e3o. Foi uma estrat\u00e9gia na \u00e9poca: come\u00e7a na p\u00f3s-gradua\u00e7\u00e3o porque \u00e9 menor e mais controlado, depois a gente vai para a gradua\u00e7\u00e3o, que \u00e9 esse mundo que a gente tem. Uma vez avan\u00e7ado na gradua\u00e7\u00e3o, a gente avan\u00e7a com inicia\u00e7\u00e3o cient\u00edfica, projetos, assist\u00eancia estudantil, extens\u00e3o, etc. Essa integra\u00e7\u00e3o que \u00e9 o nosso objetivo final\u201d, defendeu.&nbsp;<\/p>\n\n\n\n<p>O sindicato \u00e9 a favor das medidas de moderniza\u00e7\u00e3o do sistema que causam benef\u00edcios para a categoria, a exemplo da facilita\u00e7\u00e3o das progress\u00f5es. A Reitoria discutir\u00e1 a proposta em reuni\u00e3o t\u00e9cnica na pr\u00f3xima ter\u00e7a-feira (19\/11), com a Superintend\u00eancia de Tecnologia da Informa\u00e7\u00e3o \u2013 STI, e a Superintend\u00eancia de Administra\u00e7\u00e3o Acad\u00eamica \u2013 SUPAC.\u00a0<\/p>\n\n\n\n<p>Al\u00e9m do reitor em exerc\u00edcio e da superintendente do STI, a audi\u00eancia teve a participa\u00e7\u00e3o do superintendente de Avalia\u00e7\u00e3o e Desenvolvimento Institucional, Adriano Peixoto, e dos diretores da Apub Fernanda Almeida (UFBA\/CRECHE), B\u00e1rbara Coelho Neves (ICI\/UFBA) e Manoel Marcos Freire D&#8217;Aguiar Neto (F\u00edsica\/UFBA).<\/p>\n\n\n\n<figure class=\"wp-block-gallery has-nested-images columns-default is-cropped wp-block-gallery-1 is-layout-flex wp-block-gallery-is-layout-flex\">\n<figure class=\"wp-block-image size-large\"><img fetchpriority=\"high\" decoding=\"async\" width=\"1600\" height=\"1200\" data-id=\"49879\" src=\"https:\/\/apub.org.br\/wp-content\/uploads\/2024\/11\/WhatsApp-Image-2024-11-18-at-21.44.30-3.jpeg\" alt=\"\" class=\"wp-image-49879\"\/><\/figure>\n\n\n\n<figure class=\"wp-block-image size-large\"><img decoding=\"async\" width=\"1600\" height=\"1200\" data-id=\"49880\" src=\"https:\/\/apub.org.br\/wp-content\/uploads\/2024\/11\/WhatsApp-Image-2024-11-18-at-21.44.30-2.jpeg\" alt=\"\" class=\"wp-image-49880\"\/><\/figure>\n\n\n\n<figure class=\"wp-block-image size-large\"><img decoding=\"async\" width=\"1600\" height=\"1200\" data-id=\"49881\" src=\"https:\/\/apub.org.br\/wp-content\/uploads\/2024\/11\/WhatsApp-Image-2024-11-18-at-21.44.30-1.jpeg\" alt=\"\" class=\"wp-image-49881\"\/><\/figure>\n<\/figure>\n","protected":false},"excerpt":{"rendered":"<p>Objetivo da Diretoria \u00e9 minimizar impactos na vida dos docentes, t\u00e9cnicos e estudantes O calend\u00e1rio de 2025 e 2026 apresentado ao Conselho Acad\u00eamico de Ensino (CAE) pela Superintend\u00eancia de Administra\u00e7\u00e3o Acad\u00eamica (SUPAC\/UFBA) foi pauta de uma reuni\u00e3o ocorrida nesta segunda-feira (18), entre representantes da diretoria da Apub Sindicato e da Reitoria da UFBA. A pauta, [&hellip;]<\/p>\n","protected":false},"author":2,"featured_media":49882,"comment_status":"closed","ping_status":"closed","sticky":false,"template":"","format":"standard","meta":{"footnotes":""},"categories":[146],"tags":[],"class_list":["post-49878","post","type-post","status-publish","format-standard","has-post-thumbnail","hentry","category-latest-news"],"_links":{"self":[{"href":"https:\/\/apub.org.br\/siteantigo\/wp-json\/wp\/v2\/posts\/49878","targetHints":{"allow":["GET"]}}],"collection":[{"href":"https:\/\/apub.org.br\/siteantigo\/wp-json\/wp\/v2\/posts"}],"about":[{"href":"https:\/\/apub.org.br\/siteantigo\/wp-json\/wp\/v2\/types\/post"}],"author":[{"embeddable":true,"href":"https:\/\/apub.org.br\/siteantigo\/wp-json\/wp\/v2\/users\/2"}],"replies":[{"embeddable":true,"href":"https:\/\/apub.org.br\/siteantigo\/wp-json\/wp\/v2\/comments?post=49878"}],"version-history":[{"count":2,"href":"https:\/\/apub.org.br\/siteantigo\/wp-json\/wp\/v2\/posts\/49878\/revisions"}],"predecessor-version":[{"id":49884,"href":"https:\/\/apub.org.br\/siteantigo\/wp-json\/wp\/v2\/posts\/49878\/revisions\/49884"}],"wp:featuredmedia":[{"embeddable":true,"href":"https:\/\/apub.org.br\/siteantigo\/wp-json\/wp\/v2\/media\/49882"}],"wp:attachment":[{"href":"https:\/\/apub.org.br\/siteantigo\/wp-json\/wp\/v2\/media?parent=49878"}],"wp:term":[{"taxonomy":"category","embeddable":true,"href":"https:\/\/apub.org.br\/siteantigo\/wp-json\/wp\/v2\/categories?post=49878"},{"taxonomy":"post_tag","embeddable":true,"href":"https:\/\/apub.org.br\/siteantigo\/wp-json\/wp\/v2\/tags?post=49878"}],"curies":[{"name":"wp","href":"https:\/\/api.w.org\/{rel}","templated":true}]}}