{"id":49893,"date":"2024-11-08T20:50:21","date_gmt":"2024-11-08T23:50:21","guid":{"rendered":"https:\/\/apub.org.br\/?p=49893"},"modified":"2024-11-19T21:48:58","modified_gmt":"2024-11-20T00:48:58","slug":"medica-cotista-assume-cargo-de-professora-na-faculdade-de-medicina-da-bahia-fmb-ufba","status":"publish","type":"post","link":"https:\/\/apub.org.br\/siteantigo\/medica-cotista-assume-cargo-de-professora-na-faculdade-de-medicina-da-bahia-fmb-ufba\/","title":{"rendered":"M\u00e9dica cotista assume cargo de professora na Faculdade de Medicina da Bahia (FMB)- UFBA"},"content":{"rendered":"\n<p><em>Aprovada em primeiro lugar pela Lei de Cotas, Lorena Pinheiro tinha sido impedida de assumir por decis\u00e3o judicial<\/em><\/p>\n\n\n\n<p>Na tarde de quarta-feira (06), a otorrinolaringologista Lorena Pinheiro foi empossada na sede da FMB, no Largo do Terreiro e Jesus, se tornando a primeira professora cotista negra da institui\u00e7\u00e3o, depois de ser preterida na hora de assumir o cargo. A Apub esteve presente na cerim\u00f4nia de posse, na figura da presidenta em exerc\u00edcio da Apub, Clarisse Paradis.<\/p>\n\n\n\n<figure class=\"wp-block-image size-full\"><img fetchpriority=\"high\" decoding=\"async\" width=\"1600\" height=\"1273\" src=\"https:\/\/apub.org.br\/wp-content\/uploads\/2024\/11\/lorena-1.jpg\" alt=\"\" class=\"wp-image-49894\" style=\"aspect-ratio:16\/9;object-fit:cover\"\/><figcaption class=\"wp-element-caption\"><em>Lorena pinheiro comemora ap\u00f3s ter of\u00edcio de posse em m\u00e3os, ao lado do diretor e vice-diretor da FMB<\/em><\/figcaption><\/figure>\n\n\n\n<p>Aprovada em primeiro lugar na fase de heteroidentifica\u00e7\u00e3o do concurso p\u00fablico pela Lei de cotas, para vaga de professora adjunta na UFBA, a m\u00e9dica n\u00e3o p\u00f4de comemorar o que para ela seria a realiza\u00e7\u00e3o de um sonho. \u201cAo entrar no site do concurso, esperando encontrar meu nome, me deparei com a candidata que atentou contra a lei de cotas e que derrubou a minha nomea\u00e7\u00e3o naquele momento. Eu fiquei sem ch\u00e3o, foi uma profunda sensa\u00e7\u00e3o de abandono e injusti\u00e7a!\u201d, relembra Lorena, a respeito da contesta\u00e7\u00e3o a aplica\u00e7\u00e3o da pol\u00edtica afirmativa feita, judicialmente, pela candidata aprovada da ampla.&nbsp;<\/p>\n\n\n\n<p>A Lei de Cotas de<a href=\"http:\/\/legislacao.planalto.gov.br\/legisla\/legislacao.nsf\/Viw_Identificacao\/lei%2012.990-2014?OpenDocument\"><strong> n\u00ba 12.990<\/strong><\/a>, para concursos p\u00fablicos, implementada em 2014, obriga a reserva aos negros e negras 20% das vagas oferecidas nos concursos para provimento de cargos efetivos e empregos p\u00fablicos, visando reparar e equiparar a presen\u00e7a de pessoas racializadas em cargos p\u00fablicos. Somente ap\u00f3s dois meses e meio, desde a divulga\u00e7\u00e3o do resultado do concurso e no decorrer deste tempo ter recebido uma liminar que negava a sua posse, Lorena, finalmente, foi nomeada devido a uma determina\u00e7\u00e3o da 1\u00b0 Vara Federal do F\u00f3rum de Justi\u00e7a da Bahia que reconheceu sua aprova\u00e7\u00e3o enquanto cotista. Logo, sua nomea\u00e7\u00e3o foi publicada no Di\u00e1rio Oficial da Uni\u00e3o, na ter\u00e7a-feira passada (29)&nbsp;<\/p>\n\n\n\n<p>A Apub tem atuado pelo fortalecimento da Lei de Cotas nos concursos p\u00fablicos, tema trazido pela presidenta, Clarisse Paradis, em sua fala. \u201cEssa luta \u00e9 de todas e todos que lutam por uma universidade de fato democr\u00e1tica, sendo uma tarefa combater os privil\u00e9gios. Enquanto sindicato, temos que fortalecer o cumprimento da Lei de Cotas no servi\u00e7o p\u00fablico, pois sabemos que desde a sua aprova\u00e7\u00e3o, ela n\u00e3o tem tido a efetividade que sonhamos. Muitas vezes porque a lei se utiliza de subterf\u00fagios para que ela n\u00e3o seja de fato aplicada\u201d. Ela defendeu, ainda, a import\u00e2ncia de haver um corpo docente representativo na Universidade, recha\u00e7ando qualquer interfer\u00eancia do Judici\u00e1rio na autonomia universit\u00e1ria.<\/p>\n\n\n\n<p>Al\u00e9m de Clarisse, tamb\u00e9m participaram da cerim\u00f4nia figuras simb\u00f3licas para a constru\u00e7\u00e3o de um novo cen\u00e1rio para a FMB, sendo esses\/as: Lorene Pinto, a primeira diretora da institui\u00e7\u00e3o; o atual vice-diretor Eduardo Jos\u00e9 Farias, primeiro diretor negro da unidade, Ant\u00f4nio da Silva, al\u00e9m de representante do DCE-UFBA. \u201cA gente est\u00e1 reconstruindo uma hist\u00f3ria que, de Juliano Moreira pra c\u00e1, \u00e9 como se fosse uma pausa, que termina agora, com a entrada de uma pessoa que \u00e9 a cor dessa cidade. Voc\u00ea faz parte dessa hist\u00f3ria, Lorena, e juntos podemos transformar ainda mais a hist\u00f3ria dessa escola, para a comunidade negra\u201d, comemorou o diretor.<\/p>\n\n\n\n<p>Lorena agradeceu a todos pelo apoio inesperado que recebeu no momento dif\u00edcil que passou e em entrevista, a mais nova professora da UFBA, dedicou o resultado a algu\u00e9m que foi essencial para sua trajet\u00f3ria. &#8220;A minha m\u00e3e, em especial,&nbsp; quando falou que eu era capaz, e deveria, sim, fazer o curso de medicina, passar na universidade p\u00fablica, fazer o mestrado e doutorado para seguir o meu sonho de ser professora na universidade federal. Essa vit\u00f3ria eu dedico \u00e0 minha m\u00e3e, Maria Ivonete Pinheiro Figueiredo. Ela j\u00e1 se foi, n\u00e3o est\u00e1 aqui, mas, certamente, est\u00e1 vibrando do c\u00e9u, de onde ela estiver&#8221;, recorda.<\/p>\n\n\n\n<figure class=\"wp-block-gallery has-nested-images columns-default is-cropped wp-block-gallery-1 is-layout-flex wp-block-gallery-is-layout-flex\">\n<figure class=\"wp-block-image size-large\"><img decoding=\"async\" width=\"1512\" height=\"1151\" data-id=\"49897\" src=\"https:\/\/apub.org.br\/wp-content\/uploads\/2024\/11\/WhatsApp-Image-2024-11-19-at-20.18.39-1.jpeg\" alt=\"\" class=\"wp-image-49897\"\/><\/figure>\n\n\n\n<figure class=\"wp-block-image size-large\"><img decoding=\"async\" width=\"1512\" height=\"1157\" data-id=\"49896\" src=\"https:\/\/apub.org.br\/wp-content\/uploads\/2024\/11\/WhatsApp-Image-2024-11-19-at-20.18.40-1.jpeg\" alt=\"\" class=\"wp-image-49896\"\/><\/figure>\n\n\n\n<figure class=\"wp-block-image size-large\"><img loading=\"lazy\" decoding=\"async\" width=\"1600\" height=\"1200\" data-id=\"49895\" src=\"https:\/\/apub.org.br\/wp-content\/uploads\/2024\/11\/lorena-2.jpg\" alt=\"\" class=\"wp-image-49895\"\/><\/figure>\n\n\n\n<figure class=\"wp-block-image size-large\"><img loading=\"lazy\" decoding=\"async\" width=\"4032\" height=\"3024\" data-id=\"49899\" src=\"https:\/\/apub.org.br\/wp-content\/uploads\/2024\/11\/WhatsApp-Image-2024-11-19-at-20.22.28.jpeg\" alt=\"\" class=\"wp-image-49899\"\/><\/figure>\n\n\n\n<figure class=\"wp-block-image size-large\"><img loading=\"lazy\" decoding=\"async\" width=\"4032\" height=\"3024\" data-id=\"49900\" src=\"https:\/\/apub.org.br\/wp-content\/uploads\/2024\/11\/WhatsApp-Image-2024-11-19-at-20.22.10.jpeg\" alt=\"\" class=\"wp-image-49900\"\/><\/figure>\n\n\n\n<figure class=\"wp-block-image size-large\"><img loading=\"lazy\" decoding=\"async\" width=\"4032\" height=\"3024\" data-id=\"49901\" src=\"https:\/\/apub.org.br\/wp-content\/uploads\/2024\/11\/WhatsApp-Image-2024-11-19-at-20.22.02.jpeg\" alt=\"\" class=\"wp-image-49901\"\/><\/figure>\n<\/figure>\n","protected":false},"excerpt":{"rendered":"<p>Aprovada em primeiro lugar pela Lei de Cotas, Lorena Pinheiro tinha sido impedida de assumir por decis\u00e3o judicial Na tarde de quarta-feira (06), a otorrinolaringologista Lorena Pinheiro foi empossada na sede da FMB, no Largo do Terreiro e Jesus, se tornando a primeira professora cotista negra da institui\u00e7\u00e3o, depois de ser preterida na hora de [&hellip;]<\/p>\n","protected":false},"author":2,"featured_media":49898,"comment_status":"closed","ping_status":"closed","sticky":false,"template":"","format":"standard","meta":{"footnotes":""},"categories":[146],"tags":[],"class_list":["post-49893","post","type-post","status-publish","format-standard","has-post-thumbnail","hentry","category-latest-news"],"_links":{"self":[{"href":"https:\/\/apub.org.br\/siteantigo\/wp-json\/wp\/v2\/posts\/49893","targetHints":{"allow":["GET"]}}],"collection":[{"href":"https:\/\/apub.org.br\/siteantigo\/wp-json\/wp\/v2\/posts"}],"about":[{"href":"https:\/\/apub.org.br\/siteantigo\/wp-json\/wp\/v2\/types\/post"}],"author":[{"embeddable":true,"href":"https:\/\/apub.org.br\/siteantigo\/wp-json\/wp\/v2\/users\/2"}],"replies":[{"embeddable":true,"href":"https:\/\/apub.org.br\/siteantigo\/wp-json\/wp\/v2\/comments?post=49893"}],"version-history":[{"count":1,"href":"https:\/\/apub.org.br\/siteantigo\/wp-json\/wp\/v2\/posts\/49893\/revisions"}],"predecessor-version":[{"id":49902,"href":"https:\/\/apub.org.br\/siteantigo\/wp-json\/wp\/v2\/posts\/49893\/revisions\/49902"}],"wp:featuredmedia":[{"embeddable":true,"href":"https:\/\/apub.org.br\/siteantigo\/wp-json\/wp\/v2\/media\/49898"}],"wp:attachment":[{"href":"https:\/\/apub.org.br\/siteantigo\/wp-json\/wp\/v2\/media?parent=49893"}],"wp:term":[{"taxonomy":"category","embeddable":true,"href":"https:\/\/apub.org.br\/siteantigo\/wp-json\/wp\/v2\/categories?post=49893"},{"taxonomy":"post_tag","embeddable":true,"href":"https:\/\/apub.org.br\/siteantigo\/wp-json\/wp\/v2\/tags?post=49893"}],"curies":[{"name":"wp","href":"https:\/\/api.w.org\/{rel}","templated":true}]}}