{"id":4997,"date":"2012-03-29T16:48:14","date_gmt":"2012-03-29T16:48:14","guid":{"rendered":"http:\/\/apub.org.br\/?p=4997"},"modified":"2012-03-29T16:48:14","modified_gmt":"2012-03-29T16:48:14","slug":"estudantes-da-ufba-retornam-as-aulas","status":"publish","type":"post","link":"https:\/\/apub.org.br\/siteantigo\/estudantes-da-ufba-retornam-as-aulas\/","title":{"rendered":"Estudantes de Direito retornam \u00e0s aulas"},"content":{"rendered":"<p style=\"text-align: justify;\">Com as atividades paralisadas desde a \u00faltima ter\u00e7a-feira (20), os estudantes da Faculdade de Direito da UFBA decidiram retomar as aulas, nesta quinta-feira (29), ap\u00f3s acordo com a Reitora Dora Leal Rosa. Os alunos reclamam dos problemas na estrutura do pr\u00e9dio onde funciona o curso. Para discutir condi\u00e7\u00f5es de trabalho e representatividade,\u00a0a diretoria da Apub se re\u00fane com os docentes. O encontro acontece na quarta-feira (4), \u00e0s 11h, no pr\u00e9dio de Direito, na Gra\u00e7a.<\/p>\n","protected":false},"excerpt":{"rendered":"<p>Com as atividades paralisadas desde a \u00faltima ter\u00e7a-feira (20), os estudantes da Faculdade de Direito da UFBA decidiram retomar as aulas, nesta quinta-feira (29), ap\u00f3s acordo com a Reitora Dora Leal Rosa. Os alunos reclamam dos problemas na estrutura do pr\u00e9dio onde funciona o curso. Para discutir condi\u00e7\u00f5es de trabalho e representatividade,\u00a0a diretoria da Apub [&hellip;]<\/p>\n","protected":false},"author":1,"featured_media":0,"comment_status":"closed","ping_status":"closed","sticky":false,"template":"","format":"standard","meta":{"footnotes":""},"categories":[146],"tags":[],"class_list":["post-4997","post","type-post","status-publish","format-standard","hentry","category-latest-news"],"_links":{"self":[{"href":"https:\/\/apub.org.br\/siteantigo\/wp-json\/wp\/v2\/posts\/4997","targetHints":{"allow":["GET"]}}],"collection":[{"href":"https:\/\/apub.org.br\/siteantigo\/wp-json\/wp\/v2\/posts"}],"about":[{"href":"https:\/\/apub.org.br\/siteantigo\/wp-json\/wp\/v2\/types\/post"}],"author":[{"embeddable":true,"href":"https:\/\/apub.org.br\/siteantigo\/wp-json\/wp\/v2\/users\/1"}],"replies":[{"embeddable":true,"href":"https:\/\/apub.org.br\/siteantigo\/wp-json\/wp\/v2\/comments?post=4997"}],"version-history":[{"count":0,"href":"https:\/\/apub.org.br\/siteantigo\/wp-json\/wp\/v2\/posts\/4997\/revisions"}],"wp:attachment":[{"href":"https:\/\/apub.org.br\/siteantigo\/wp-json\/wp\/v2\/media?parent=4997"}],"wp:term":[{"taxonomy":"category","embeddable":true,"href":"https:\/\/apub.org.br\/siteantigo\/wp-json\/wp\/v2\/categories?post=4997"},{"taxonomy":"post_tag","embeddable":true,"href":"https:\/\/apub.org.br\/siteantigo\/wp-json\/wp\/v2\/tags?post=4997"}],"curies":[{"name":"wp","href":"https:\/\/api.w.org\/{rel}","templated":true}]}}