{"id":50366,"date":"2025-01-17T15:50:00","date_gmt":"2025-01-17T18:50:00","guid":{"rendered":"https:\/\/apub.org.br\/?p=50366"},"modified":"2025-01-17T17:52:44","modified_gmt":"2025-01-17T20:52:44","slug":"apub-participa-da-cerimonia-de-posse-da-nova-gestao-do-carb","status":"publish","type":"post","link":"https:\/\/apub.org.br\/siteantigo\/apub-participa-da-cerimonia-de-posse-da-nova-gestao-do-carb\/","title":{"rendered":"Apub participa da cerim\u00f4nia de posse da nova gest\u00e3o do CARB"},"content":{"rendered":"\n<p>Um dos mais tradicionais espa\u00e7os de luta estudantil do pa\u00eds, o Centro Acad\u00eamico Ruy Barbosa (CARB) deu posse, na \u00faltima quarta (15\/1), \u00e0 sua nova gest\u00e3o. Pedro S\u00e3o Paulo \u00e9 o presidente, acompanhado de Amanda Alves na vice-presid\u00eancia e de Luiz Gustavo como Secret\u00e1rio Geral. A cerim\u00f4nia contou com a participa\u00e7\u00e3o da vice-presidenta da Apub, Barbara Co\u00ealho, bem como de autoridades como a deputada federal Alice Portugal; a deputada estadual Ol\u00edvia Santana; o secret\u00e1rio de Trabalho,\u00a0 Emprego, Renda e Esportes, Augusto Vasconcelos; a secret\u00e1ria de promo\u00e7\u00e3o da igualdade racial, Angela Guimar\u00e3es; e a presidenta da Ordem dos Advogados do Brasil \/ BA, Daniela Borges; entre outros.<\/p>\n\n\n\n<p>\u201cO CARB enfrentou a ditadura e esteve presente em todos os movimentos pela democracia do pa\u00eds\u201d, explica Moacir Cruz, diretor de integra\u00e7\u00e3o pol\u00edtica do CARB, que destacou vit\u00f3rias dos estudantes conduzidas pelo Centro, como a ado\u00e7\u00e3o da disciplina \u201cDireito e Rela\u00e7\u00f5es Raciais\u201d, inclu\u00edda no curr\u00edculo.\u00a0<\/p>\n\n\n\n<p><\/p>\n","protected":false},"excerpt":{"rendered":"<p>Um dos mais tradicionais espa\u00e7os de luta estudantil do pa\u00eds, o Centro Acad\u00eamico Ruy Barbosa (CARB) deu posse, na \u00faltima quarta (15\/1), \u00e0 sua nova gest\u00e3o. Pedro S\u00e3o Paulo \u00e9 o presidente, acompanhado de Amanda Alves na vice-presid\u00eancia e de Luiz Gustavo como Secret\u00e1rio Geral. A cerim\u00f4nia contou com a participa\u00e7\u00e3o da vice-presidenta da Apub, [&hellip;]<\/p>\n","protected":false},"author":2,"featured_media":50367,"comment_status":"closed","ping_status":"closed","sticky":false,"template":"","format":"standard","meta":{"footnotes":""},"categories":[146],"tags":[],"class_list":["post-50366","post","type-post","status-publish","format-standard","has-post-thumbnail","hentry","category-latest-news"],"_links":{"self":[{"href":"https:\/\/apub.org.br\/siteantigo\/wp-json\/wp\/v2\/posts\/50366","targetHints":{"allow":["GET"]}}],"collection":[{"href":"https:\/\/apub.org.br\/siteantigo\/wp-json\/wp\/v2\/posts"}],"about":[{"href":"https:\/\/apub.org.br\/siteantigo\/wp-json\/wp\/v2\/types\/post"}],"author":[{"embeddable":true,"href":"https:\/\/apub.org.br\/siteantigo\/wp-json\/wp\/v2\/users\/2"}],"replies":[{"embeddable":true,"href":"https:\/\/apub.org.br\/siteantigo\/wp-json\/wp\/v2\/comments?post=50366"}],"version-history":[{"count":1,"href":"https:\/\/apub.org.br\/siteantigo\/wp-json\/wp\/v2\/posts\/50366\/revisions"}],"predecessor-version":[{"id":50368,"href":"https:\/\/apub.org.br\/siteantigo\/wp-json\/wp\/v2\/posts\/50366\/revisions\/50368"}],"wp:featuredmedia":[{"embeddable":true,"href":"https:\/\/apub.org.br\/siteantigo\/wp-json\/wp\/v2\/media\/50367"}],"wp:attachment":[{"href":"https:\/\/apub.org.br\/siteantigo\/wp-json\/wp\/v2\/media?parent=50366"}],"wp:term":[{"taxonomy":"category","embeddable":true,"href":"https:\/\/apub.org.br\/siteantigo\/wp-json\/wp\/v2\/categories?post=50366"},{"taxonomy":"post_tag","embeddable":true,"href":"https:\/\/apub.org.br\/siteantigo\/wp-json\/wp\/v2\/tags?post=50366"}],"curies":[{"name":"wp","href":"https:\/\/api.w.org\/{rel}","templated":true}]}}