{"id":51261,"date":"2025-04-03T11:52:26","date_gmt":"2025-04-03T14:52:26","guid":{"rendered":"https:\/\/apub.org.br\/?p=51261"},"modified":"2025-04-03T11:52:29","modified_gmt":"2025-04-03T14:52:29","slug":"aos-94-anos-morre-professor-antonio-carlos-reis-laranjeiras","status":"publish","type":"post","link":"https:\/\/apub.org.br\/siteantigo\/aos-94-anos-morre-professor-antonio-carlos-reis-laranjeiras\/","title":{"rendered":"Aos 94 anos, morre professor Ant\u00f4nio Carlos Reis Laranjeiras"},"content":{"rendered":"\n<p>No dia em que se completam 61 anos do Golpe Militar, a APUB se despediu de um de seus primeiros apoiadores: o professor em\u00e9rito da UFBA Ant\u00f4nio Carlos Reis Laranjeiras (08\/8\/1931 &#8211; 31\/3\/2025) faleceu, deixando um legado de defesa intransigente da democracia.<\/p>\n\n\n\n<p>Quando, em 7 de abril de 1964, a Congrega\u00e7\u00e3o da Escola Polit\u00e9cnica aprovou uma mo\u00e7\u00e3o de apoio ao Golpe Militar, o professor Laranjeira foi um dos poucos nomes a se posicionar pela democracia: &#8220;Sinto-me \u00e0 vontade para expressar minha opini\u00e3o e atitude pol\u00edtica pela manuten\u00e7\u00e3o do regime democr\u00e1tico no Brasil, entretanto, n\u00e3o estou convencido de que na minha opini\u00e3o e na minha atitude pol\u00edtica encontrem-se diretrizes dos destinos do povo brasileiro. Admiro que haja outras raz\u00f5es que n\u00e3o as minhas e n\u00e3o acredito que uma democracia aut\u00eantica possa ser forjada na vontade da for\u00e7a, mas na for\u00e7a de vontade e da convic\u00e7\u00e3o do grupo social que a adota&#8221;, afirmou na \u00e9poca.&nbsp;<\/p>\n\n\n\n<p>Esteve ao lado de Guilherme Radel, Magno Valente, Jo\u00e3o Ubaldo, Istvan Iancz\u00f3 e Perseu Abramo na cria\u00e7\u00e3o da APUB. Foi condecorado com os pr\u00eamios EM\u00cdLIO BAUMGART, IBRACON, Destaque na Engenharia; Diploma INT \/ABCP (Rio de Janeiro), Relevantes servi\u00e7os; e S\u00f3cio Honor\u00e1rio da ABECE. Ex-presidente do Clube de Engenharia da Bahia. Candomblecista, voltou ao Orun deixando o exemplo da import\u00e2ncia da educa\u00e7\u00e3o e da democracia.<\/p>\n","protected":false},"excerpt":{"rendered":"<p>No dia em que se completam 61 anos do Golpe Militar, a APUB se despediu de um de seus primeiros apoiadores: o professor em\u00e9rito da UFBA Ant\u00f4nio Carlos Reis Laranjeiras (08\/8\/1931 &#8211; 31\/3\/2025) faleceu, deixando um legado de defesa intransigente da democracia. Quando, em 7 de abril de 1964, a Congrega\u00e7\u00e3o da Escola Polit\u00e9cnica aprovou [&hellip;]<\/p>\n","protected":false},"author":1,"featured_media":51262,"comment_status":"closed","ping_status":"closed","sticky":false,"template":"","format":"standard","meta":{"footnotes":""},"categories":[146],"tags":[],"class_list":["post-51261","post","type-post","status-publish","format-standard","has-post-thumbnail","hentry","category-latest-news"],"_links":{"self":[{"href":"https:\/\/apub.org.br\/siteantigo\/wp-json\/wp\/v2\/posts\/51261","targetHints":{"allow":["GET"]}}],"collection":[{"href":"https:\/\/apub.org.br\/siteantigo\/wp-json\/wp\/v2\/posts"}],"about":[{"href":"https:\/\/apub.org.br\/siteantigo\/wp-json\/wp\/v2\/types\/post"}],"author":[{"embeddable":true,"href":"https:\/\/apub.org.br\/siteantigo\/wp-json\/wp\/v2\/users\/1"}],"replies":[{"embeddable":true,"href":"https:\/\/apub.org.br\/siteantigo\/wp-json\/wp\/v2\/comments?post=51261"}],"version-history":[{"count":1,"href":"https:\/\/apub.org.br\/siteantigo\/wp-json\/wp\/v2\/posts\/51261\/revisions"}],"predecessor-version":[{"id":51263,"href":"https:\/\/apub.org.br\/siteantigo\/wp-json\/wp\/v2\/posts\/51261\/revisions\/51263"}],"wp:featuredmedia":[{"embeddable":true,"href":"https:\/\/apub.org.br\/siteantigo\/wp-json\/wp\/v2\/media\/51262"}],"wp:attachment":[{"href":"https:\/\/apub.org.br\/siteantigo\/wp-json\/wp\/v2\/media?parent=51261"}],"wp:term":[{"taxonomy":"category","embeddable":true,"href":"https:\/\/apub.org.br\/siteantigo\/wp-json\/wp\/v2\/categories?post=51261"},{"taxonomy":"post_tag","embeddable":true,"href":"https:\/\/apub.org.br\/siteantigo\/wp-json\/wp\/v2\/tags?post=51261"}],"curies":[{"name":"wp","href":"https:\/\/api.w.org\/{rel}","templated":true}]}}