{"id":51264,"date":"2025-04-03T13:03:18","date_gmt":"2025-04-03T16:03:18","guid":{"rendered":"https:\/\/apub.org.br\/?p=51264"},"modified":"2025-04-03T13:10:39","modified_gmt":"2025-04-03T16:10:39","slug":"6a-edicao-da-marcha-do-silencio-pede-punicao-para-golpistas-do-8-de-janeiro","status":"publish","type":"post","link":"https:\/\/apub.org.br\/siteantigo\/6a-edicao-da-marcha-do-silencio-pede-punicao-para-golpistas-do-8-de-janeiro\/","title":{"rendered":"6\u00aa edi\u00e7\u00e3o da Marcha do Sil\u00eancio pede puni\u00e7\u00e3o para golpistas do 8 de janeiro"},"content":{"rendered":"\n<p>Com o lema &#8220;1964 &#8211; Ainda Estamos Aqui!&#8221;, a 6\u00aa Marcha do Sil\u00eancio ocupou o centro da cidade &#8211; da Pra\u00e7a da Piedade ao Campo da P\u00f3lvora &#8211; na tarde de 1\u00ba de abril. A manifesta\u00e7\u00e3o foi promovida pelo Grupo Tortura Nunca Mais e movimentos sociais parceiros, com o objetivo de convocar a sociedade a n\u00e3o esquecer o golpe que abalou a democracia brasileira. A Marcha incorporou a pauta \u201cSem anistia: pris\u00e3o para os golpistas!\u201d, na defesa de que os respons\u00e1veis pela tentativa de golpe de 8 de janeiro sejam responsabilizados.<\/p>\n\n\n\n<figure class=\"wp-block-gallery has-nested-images columns-default is-cropped wp-block-gallery-1 is-layout-flex wp-block-gallery-is-layout-flex\">\n<figure class=\"wp-block-image size-large\"><img fetchpriority=\"high\" decoding=\"async\" width=\"1600\" height=\"1200\" data-id=\"51275\" src=\"https:\/\/apub.org.br\/wp-content\/uploads\/2025\/04\/Marcha-do-Silencio-2-1.jpeg\" alt=\"\" class=\"wp-image-51275\"\/><\/figure>\n\n\n\n<figure class=\"wp-block-image size-large\"><img decoding=\"async\" width=\"1600\" height=\"1200\" data-id=\"51277\" src=\"https:\/\/apub.org.br\/wp-content\/uploads\/2025\/04\/Marcha-do-Silencio-3-1.jpeg\" alt=\"\" class=\"wp-image-51277\"\/><\/figure>\n\n\n\n<figure class=\"wp-block-image size-large\"><img decoding=\"async\" width=\"1600\" height=\"1200\" data-id=\"51276\" src=\"https:\/\/apub.org.br\/wp-content\/uploads\/2025\/04\/Marcha-do-Silencio-8-1.jpeg\" alt=\"\" class=\"wp-image-51276\"\/><\/figure>\n<\/figure>\n\n\n\n<figure class=\"wp-block-gallery has-nested-images columns-default is-cropped wp-block-gallery-2 is-layout-flex wp-block-gallery-is-layout-flex\">\n<figure class=\"wp-block-image size-large\"><img loading=\"lazy\" decoding=\"async\" width=\"960\" height=\"1280\" data-id=\"51278\" src=\"https:\/\/apub.org.br\/wp-content\/uploads\/2025\/04\/Marcha-do-Silencio-4-1.jpeg\" alt=\"\" class=\"wp-image-51278\"\/><\/figure>\n\n\n\n<figure class=\"wp-block-image size-large\"><img loading=\"lazy\" decoding=\"async\" width=\"1200\" height=\"1600\" data-id=\"51280\" src=\"https:\/\/apub.org.br\/wp-content\/uploads\/2025\/04\/Marcha-do-Silencio-7-1.jpeg\" alt=\"\" class=\"wp-image-51280\"\/><\/figure>\n\n\n\n<figure class=\"wp-block-image size-large\"><img loading=\"lazy\" decoding=\"async\" width=\"1600\" height=\"1200\" data-id=\"51279\" src=\"https:\/\/apub.org.br\/wp-content\/uploads\/2025\/04\/Marcha-do-Silencio-8-2.jpeg\" alt=\"\" class=\"wp-image-51279\"\/><\/figure>\n<\/figure>\n\n\n\n<p><\/p>\n\n\n\n<p><\/p>\n","protected":false},"excerpt":{"rendered":"<p>Com o lema &#8220;1964 &#8211; Ainda Estamos Aqui!&#8221;, a 6\u00aa Marcha do Sil\u00eancio ocupou o centro da cidade &#8211; da Pra\u00e7a da Piedade ao Campo da P\u00f3lvora &#8211; na tarde de 1\u00ba de abril. A manifesta\u00e7\u00e3o foi promovida pelo Grupo Tortura Nunca Mais e movimentos sociais parceiros, com o objetivo de convocar a sociedade a [&hellip;]<\/p>\n","protected":false},"author":1,"featured_media":51276,"comment_status":"closed","ping_status":"closed","sticky":false,"template":"","format":"standard","meta":{"footnotes":""},"categories":[146],"tags":[],"class_list":["post-51264","post","type-post","status-publish","format-standard","has-post-thumbnail","hentry","category-latest-news"],"_links":{"self":[{"href":"https:\/\/apub.org.br\/siteantigo\/wp-json\/wp\/v2\/posts\/51264","targetHints":{"allow":["GET"]}}],"collection":[{"href":"https:\/\/apub.org.br\/siteantigo\/wp-json\/wp\/v2\/posts"}],"about":[{"href":"https:\/\/apub.org.br\/siteantigo\/wp-json\/wp\/v2\/types\/post"}],"author":[{"embeddable":true,"href":"https:\/\/apub.org.br\/siteantigo\/wp-json\/wp\/v2\/users\/1"}],"replies":[{"embeddable":true,"href":"https:\/\/apub.org.br\/siteantigo\/wp-json\/wp\/v2\/comments?post=51264"}],"version-history":[{"count":2,"href":"https:\/\/apub.org.br\/siteantigo\/wp-json\/wp\/v2\/posts\/51264\/revisions"}],"predecessor-version":[{"id":51327,"href":"https:\/\/apub.org.br\/siteantigo\/wp-json\/wp\/v2\/posts\/51264\/revisions\/51327"}],"wp:featuredmedia":[{"embeddable":true,"href":"https:\/\/apub.org.br\/siteantigo\/wp-json\/wp\/v2\/media\/51276"}],"wp:attachment":[{"href":"https:\/\/apub.org.br\/siteantigo\/wp-json\/wp\/v2\/media?parent=51264"}],"wp:term":[{"taxonomy":"category","embeddable":true,"href":"https:\/\/apub.org.br\/siteantigo\/wp-json\/wp\/v2\/categories?post=51264"},{"taxonomy":"post_tag","embeddable":true,"href":"https:\/\/apub.org.br\/siteantigo\/wp-json\/wp\/v2\/tags?post=51264"}],"curies":[{"name":"wp","href":"https:\/\/api.w.org\/{rel}","templated":true}]}}