{"id":51299,"date":"2025-04-04T11:57:56","date_gmt":"2025-04-04T14:57:56","guid":{"rendered":"https:\/\/apub.org.br\/?p=51299"},"modified":"2025-04-04T17:32:42","modified_gmt":"2025-04-04T20:32:42","slug":"apub-exibe-o-filme-ainda-estou-aqui-e-promove-dialogo-sobre-a-ditadura-militar","status":"publish","type":"post","link":"https:\/\/apub.org.br\/siteantigo\/apub-exibe-o-filme-ainda-estou-aqui-e-promove-dialogo-sobre-a-ditadura-militar\/","title":{"rendered":"APUB exibe o filme &#8220;Ainda estou aqui&#8221; e promove di\u00e1logo sobre a ditadura militar"},"content":{"rendered":"\n<p>A programa\u00e7\u00e3o da semana do Acolhimento da APUB contou, na noite da \u00faltima quarta-feira (02), com a exibi\u00e7\u00e3o do filme \u201cAinda estou aqui\u201d, seguida de debate sobre a ditadura militar e suas implica\u00e7\u00f5es na conjuntura pol\u00edtica atual. O debate foi mediado pela professora da escola de teatro Meran Vargens, e contou com o ex-dirigente da APUB e vice-presidente do Grupo Tortura Nunca Mais\/BA, Joviniano Neto, junto com o professor e jornalista, Emiliano Jos\u00e9, como convidados.<\/p>\n\n\n\n<p>\u201cAquela m\u00e3e (Eunice Paiva) \u00e9 a minha m\u00e3e, que levou seis meses para me encontrar nas catacumbas da ditadura. Ent\u00e3o, tenho dito que este filme, de tantos aspectos importantes que ele aborda, tem o papel de revelar a luta das m\u00e3es contra o regime militar\u201d, compartilhou Emiliano, emocionado ao relembrar parte de suas viv\u00eancias enquanto uma v\u00edtima deste per\u00edodo.<\/p>\n\n\n\n<p>Presente no evento, a presidenta da APUB, Raquel Nery, destacou a import\u00e2ncia dos debates sobre o tema. \u201cA gente precisa debater, depois de tantas emo\u00e7\u00f5es mobilizadas ap\u00f3s um filme que mexe com a gente cada vez que assistimos; e o nosso objetivo nesta semana \u00e9 ter mesmo um momento de conversa com as\/os professoras\/es e tamb\u00e9m estudantes\u201d, ressaltou.<\/p>\n\n\n\n<p>A programa\u00e7\u00e3o da Semana do Acolhimento na UFBA segue na pr\u00f3xima semana, com encontros de di\u00e1logo com os\/as docentes, em diferentes pontos dos campi.<\/p>\n\n\n\n<p><strong><em>ABRA\u00c7A\u00c7O NOS CAMPI DA UFBA<\/em><\/strong><\/p>\n\n\n\n<p>07\/04 &nbsp; Segunda &#8211; LDM FACED, 16h30<\/p>\n\n\n\n<p>08\/04 Ter\u00e7a &#8211; PAF 5, 08h30<\/p>\n\n\n\n<p>09\/04 Quarta &#8211; Polit\u00e9cnica, 12h10\/04 Quinta &#8211; HUPES, 12h<\/p>\n\n\n\n<figure class=\"wp-block-image size-full\"><img fetchpriority=\"high\" decoding=\"async\" width=\"3210\" height=\"1695\" src=\"https:\/\/apub.org.br\/wp-content\/uploads\/2025\/04\/WhatsApp-Image-2025-04-04-at-11.35.52-AM.jpeg\" alt=\"\" class=\"wp-image-51302\"\/><\/figure>\n\n\n\n<figure class=\"wp-block-image size-full\"><img decoding=\"async\" width=\"4013\" height=\"2418\" src=\"https:\/\/apub.org.br\/wp-content\/uploads\/2025\/04\/WhatsApp-Image-2025-04-04-at-11.35.52-AM-1.jpeg\" alt=\"\" class=\"wp-image-51301\"\/><\/figure>\n","protected":false},"excerpt":{"rendered":"<p>A programa\u00e7\u00e3o da semana do Acolhimento da APUB contou, na noite da \u00faltima quarta-feira (02), com a exibi\u00e7\u00e3o do filme \u201cAinda estou aqui\u201d, seguida de debate sobre a ditadura militar e suas implica\u00e7\u00f5es na conjuntura pol\u00edtica atual. O debate foi mediado pela professora da escola de teatro Meran Vargens, e contou com o ex-dirigente da [&hellip;]<\/p>\n","protected":false},"author":1,"featured_media":51300,"comment_status":"closed","ping_status":"closed","sticky":false,"template":"","format":"standard","meta":{"footnotes":""},"categories":[146],"tags":[],"class_list":["post-51299","post","type-post","status-publish","format-standard","has-post-thumbnail","hentry","category-latest-news"],"_links":{"self":[{"href":"https:\/\/apub.org.br\/siteantigo\/wp-json\/wp\/v2\/posts\/51299","targetHints":{"allow":["GET"]}}],"collection":[{"href":"https:\/\/apub.org.br\/siteantigo\/wp-json\/wp\/v2\/posts"}],"about":[{"href":"https:\/\/apub.org.br\/siteantigo\/wp-json\/wp\/v2\/types\/post"}],"author":[{"embeddable":true,"href":"https:\/\/apub.org.br\/siteantigo\/wp-json\/wp\/v2\/users\/1"}],"replies":[{"embeddable":true,"href":"https:\/\/apub.org.br\/siteantigo\/wp-json\/wp\/v2\/comments?post=51299"}],"version-history":[{"count":4,"href":"https:\/\/apub.org.br\/siteantigo\/wp-json\/wp\/v2\/posts\/51299\/revisions"}],"predecessor-version":[{"id":51364,"href":"https:\/\/apub.org.br\/siteantigo\/wp-json\/wp\/v2\/posts\/51299\/revisions\/51364"}],"wp:featuredmedia":[{"embeddable":true,"href":"https:\/\/apub.org.br\/siteantigo\/wp-json\/wp\/v2\/media\/51300"}],"wp:attachment":[{"href":"https:\/\/apub.org.br\/siteantigo\/wp-json\/wp\/v2\/media?parent=51299"}],"wp:term":[{"taxonomy":"category","embeddable":true,"href":"https:\/\/apub.org.br\/siteantigo\/wp-json\/wp\/v2\/categories?post=51299"},{"taxonomy":"post_tag","embeddable":true,"href":"https:\/\/apub.org.br\/siteantigo\/wp-json\/wp\/v2\/tags?post=51299"}],"curies":[{"name":"wp","href":"https:\/\/api.w.org\/{rel}","templated":true}]}}