{"id":5191,"date":"2012-04-11T18:07:35","date_gmt":"2012-04-11T18:07:35","guid":{"rendered":"http:\/\/apub.org.br\/?p=5191"},"modified":"2012-04-11T18:07:35","modified_gmt":"2012-04-11T18:07:35","slug":"governo-insiste-em-8-do-pib-para-a-educacao","status":"publish","type":"post","link":"https:\/\/apub.org.br\/siteantigo\/governo-insiste-em-8-do-pib-para-a-educacao\/","title":{"rendered":"Governo insiste em 8% do PIB para a Educa\u00e7\u00e3o"},"content":{"rendered":"<p style=\"text-align: justify;\">O governo federal vai insistir na meta de investimento total de 8% do Produto Interno Bruto (PIB) na educa\u00e7\u00e3o. A informa\u00e7\u00e3o foi dada pelo relator do Plano Nacional de Educa\u00e7\u00e3o (PNE &#8211; PL 8035\/10), deputado Angelo Vanhoni (PT-PR), ap\u00f3s reuni\u00e3o entre deputados e o ministro da Fazenda, Guido Mantega, na ter\u00e7a-feira (10).<\/p>\n<p style=\"text-align: justify;\">O valor \u00e9 o mesmo apontado pelo pr\u00f3prio Vanhoni, relator na Comiss\u00e3o Especial, em sua proposta de substitutivo ao PNE, que trata de metas e estrat\u00e9gias para a Educa\u00e7\u00e3o nos pr\u00f3ximos dez anos. Os 8% de investimento total incluem bolsas de estudo e recursos de financiamento estudantil; e correspondem a 7,5% de investimento p\u00fablico direto. Hoje, Uni\u00e3o, estados e munic\u00edpios aplicam, juntos, em torno de 5% do PIB em educa\u00e7\u00e3o. No entanto, as entidades representativas dos trabalhadores em Educa\u00e7\u00e3o defendem a destina\u00e7\u00e3o de 10% para a \u00e1rea.<\/p>\n<p style=\"text-align: justify;\"><em>Com informa\u00e7\u00f5es da Ag\u00eancia C\u00e2mara de Not\u00edcias<\/em><\/p>\n","protected":false},"excerpt":{"rendered":"<p>O governo federal vai insistir na meta de investimento total de 8% do Produto Interno Bruto (PIB) na educa\u00e7\u00e3o. A informa\u00e7\u00e3o foi dada pelo relator do Plano Nacional de Educa\u00e7\u00e3o (PNE &#8211; PL 8035\/10), deputado Angelo Vanhoni (PT-PR), ap\u00f3s reuni\u00e3o entre deputados e o ministro da Fazenda, Guido Mantega, na ter\u00e7a-feira (10). O valor \u00e9 [&hellip;]<\/p>\n","protected":false},"author":1,"featured_media":0,"comment_status":"closed","ping_status":"closed","sticky":false,"template":"","format":"standard","meta":{"footnotes":""},"categories":[146],"tags":[],"class_list":["post-5191","post","type-post","status-publish","format-standard","hentry","category-latest-news"],"_links":{"self":[{"href":"https:\/\/apub.org.br\/siteantigo\/wp-json\/wp\/v2\/posts\/5191","targetHints":{"allow":["GET"]}}],"collection":[{"href":"https:\/\/apub.org.br\/siteantigo\/wp-json\/wp\/v2\/posts"}],"about":[{"href":"https:\/\/apub.org.br\/siteantigo\/wp-json\/wp\/v2\/types\/post"}],"author":[{"embeddable":true,"href":"https:\/\/apub.org.br\/siteantigo\/wp-json\/wp\/v2\/users\/1"}],"replies":[{"embeddable":true,"href":"https:\/\/apub.org.br\/siteantigo\/wp-json\/wp\/v2\/comments?post=5191"}],"version-history":[{"count":0,"href":"https:\/\/apub.org.br\/siteantigo\/wp-json\/wp\/v2\/posts\/5191\/revisions"}],"wp:attachment":[{"href":"https:\/\/apub.org.br\/siteantigo\/wp-json\/wp\/v2\/media?parent=5191"}],"wp:term":[{"taxonomy":"category","embeddable":true,"href":"https:\/\/apub.org.br\/siteantigo\/wp-json\/wp\/v2\/categories?post=5191"},{"taxonomy":"post_tag","embeddable":true,"href":"https:\/\/apub.org.br\/siteantigo\/wp-json\/wp\/v2\/tags?post=5191"}],"curies":[{"name":"wp","href":"https:\/\/api.w.org\/{rel}","templated":true}]}}