{"id":5216,"date":"2012-04-13T15:31:15","date_gmt":"2012-04-13T15:31:15","guid":{"rendered":"http:\/\/apub.org.br\/?p=5216"},"modified":"2012-04-13T15:31:15","modified_gmt":"2012-04-13T15:31:15","slug":"apresentado-projeto-do-campus-feira-de-santana-da-ufrb","status":"publish","type":"post","link":"https:\/\/apub.org.br\/siteantigo\/apresentado-projeto-do-campus-feira-de-santana-da-ufrb\/","title":{"rendered":"Apresentado projeto do campus Feira de Santana da UFRB"},"content":{"rendered":"<p style=\"text-align: justify;\">O projeto do novo campus da Universidade Federal do Rec\u00f4ncavo da Bahia em Feira de Santana foi apresentado na ter\u00e7a-feira (10), na C\u00e2mara de Dirigentes Lojistas (CDL) da cidade. Ser\u00e3o oferecidos na unidade quatro cursos de gradua\u00e7\u00e3o e p\u00f3s-gradua\u00e7\u00e3o bacharelado Interdisciplinar em Energia e Sustentabilidade, Arquitetura e Urbanismo, Engenharia Qu\u00edmica, Engenharia de Petr\u00f3leo e G\u00e1s, Mestrado em Planejamento e Gest\u00e3o Energ\u00e9tica, Mestrado em Energia e Sustentabilidade, que deve ter, em m\u00e9dia, 2,5 mil alunos.<\/p>\n","protected":false},"excerpt":{"rendered":"<p>O projeto do novo campus da Universidade Federal do Rec\u00f4ncavo da Bahia em Feira de Santana foi apresentado na ter\u00e7a-feira (10), na C\u00e2mara de Dirigentes Lojistas (CDL) da cidade. Ser\u00e3o oferecidos na unidade quatro cursos de gradua\u00e7\u00e3o e p\u00f3s-gradua\u00e7\u00e3o bacharelado Interdisciplinar em Energia e Sustentabilidade, Arquitetura e Urbanismo, Engenharia Qu\u00edmica, Engenharia de Petr\u00f3leo e G\u00e1s, [&hellip;]<\/p>\n","protected":false},"author":1,"featured_media":0,"comment_status":"closed","ping_status":"closed","sticky":false,"template":"","format":"standard","meta":{"footnotes":""},"categories":[146],"tags":[],"class_list":["post-5216","post","type-post","status-publish","format-standard","hentry","category-latest-news"],"_links":{"self":[{"href":"https:\/\/apub.org.br\/siteantigo\/wp-json\/wp\/v2\/posts\/5216","targetHints":{"allow":["GET"]}}],"collection":[{"href":"https:\/\/apub.org.br\/siteantigo\/wp-json\/wp\/v2\/posts"}],"about":[{"href":"https:\/\/apub.org.br\/siteantigo\/wp-json\/wp\/v2\/types\/post"}],"author":[{"embeddable":true,"href":"https:\/\/apub.org.br\/siteantigo\/wp-json\/wp\/v2\/users\/1"}],"replies":[{"embeddable":true,"href":"https:\/\/apub.org.br\/siteantigo\/wp-json\/wp\/v2\/comments?post=5216"}],"version-history":[{"count":0,"href":"https:\/\/apub.org.br\/siteantigo\/wp-json\/wp\/v2\/posts\/5216\/revisions"}],"wp:attachment":[{"href":"https:\/\/apub.org.br\/siteantigo\/wp-json\/wp\/v2\/media?parent=5216"}],"wp:term":[{"taxonomy":"category","embeddable":true,"href":"https:\/\/apub.org.br\/siteantigo\/wp-json\/wp\/v2\/categories?post=5216"},{"taxonomy":"post_tag","embeddable":true,"href":"https:\/\/apub.org.br\/siteantigo\/wp-json\/wp\/v2\/tags?post=5216"}],"curies":[{"name":"wp","href":"https:\/\/api.w.org\/{rel}","templated":true}]}}