{"id":5228,"date":"2012-04-13T18:38:36","date_gmt":"2012-04-13T18:38:36","guid":{"rendered":"http:\/\/apub.org.br\/?p=5228"},"modified":"2012-04-13T18:38:36","modified_gmt":"2012-04-13T18:38:36","slug":"proifes-participa-de-reuniao-do-conselho-nacional-de-educacao","status":"publish","type":"post","link":"https:\/\/apub.org.br\/siteantigo\/proifes-participa-de-reuniao-do-conselho-nacional-de-educacao\/","title":{"rendered":"Proifes participa de reuni\u00e3o do Conselho Nacional de Educa\u00e7\u00e3o"},"content":{"rendered":"<p style=\"text-align: justify;\">Nesta sexta-feira (13), diretores do Proifes Federa\u00e7\u00e3o, inclusive professora Silvia L\u00facia Ferreira, presidenta da Apub Sindicato, participaram da Reuni\u00e3o T\u00e9cnica sobre Regime de Colabora\u00e7\u00e3o entre os Sistemas de Ensino e os Conselhos de Educa\u00e7\u00e3o do Conselho Nacional de Educa\u00e7\u00e3o (CNE), em Bras\u00edlia. O presidente do CNE, Ant\u00f4nio Carlos Ronca, abriu as discuss\u00f5es lendo uma nota de manifesta\u00e7\u00e3o sobre o atraso do PNE. O objetivo do encontro foi \u00e9 colher contribui\u00e7\u00f5es dos especialistas sobre o tema para produ\u00e7\u00e3o de parecer que ser\u00e1 apresentado em maio. A inten\u00e7\u00e3o era firmar pontos e lapidar perspectivas para que seja poss\u00edvel oferecer um parecer de orienta\u00e7\u00e3o pol\u00edtica e normativa aos dirigentes e conselhos dos sistemas de ensino federal, estaduais e municipais, consoante o ordenamento constitucional e legal vigente. <em>Por M\u00e9cia Menescal \u2013 Proifes Federa\u00e7\u00e3o<\/em><\/p>\n","protected":false},"excerpt":{"rendered":"<p>Nesta sexta-feira (13), diretores do Proifes Federa\u00e7\u00e3o, inclusive professora Silvia L\u00facia Ferreira, presidenta da Apub Sindicato, participaram da Reuni\u00e3o T\u00e9cnica sobre Regime de Colabora\u00e7\u00e3o entre os Sistemas de Ensino e os Conselhos de Educa\u00e7\u00e3o do Conselho Nacional de Educa\u00e7\u00e3o (CNE), em Bras\u00edlia. O presidente do CNE, Ant\u00f4nio Carlos Ronca, abriu as discuss\u00f5es lendo uma nota [&hellip;]<\/p>\n","protected":false},"author":1,"featured_media":0,"comment_status":"closed","ping_status":"closed","sticky":false,"template":"","format":"standard","meta":{"footnotes":""},"categories":[146],"tags":[],"class_list":["post-5228","post","type-post","status-publish","format-standard","hentry","category-latest-news"],"_links":{"self":[{"href":"https:\/\/apub.org.br\/siteantigo\/wp-json\/wp\/v2\/posts\/5228","targetHints":{"allow":["GET"]}}],"collection":[{"href":"https:\/\/apub.org.br\/siteantigo\/wp-json\/wp\/v2\/posts"}],"about":[{"href":"https:\/\/apub.org.br\/siteantigo\/wp-json\/wp\/v2\/types\/post"}],"author":[{"embeddable":true,"href":"https:\/\/apub.org.br\/siteantigo\/wp-json\/wp\/v2\/users\/1"}],"replies":[{"embeddable":true,"href":"https:\/\/apub.org.br\/siteantigo\/wp-json\/wp\/v2\/comments?post=5228"}],"version-history":[{"count":0,"href":"https:\/\/apub.org.br\/siteantigo\/wp-json\/wp\/v2\/posts\/5228\/revisions"}],"wp:attachment":[{"href":"https:\/\/apub.org.br\/siteantigo\/wp-json\/wp\/v2\/media?parent=5228"}],"wp:term":[{"taxonomy":"category","embeddable":true,"href":"https:\/\/apub.org.br\/siteantigo\/wp-json\/wp\/v2\/categories?post=5228"},{"taxonomy":"post_tag","embeddable":true,"href":"https:\/\/apub.org.br\/siteantigo\/wp-json\/wp\/v2\/tags?post=5228"}],"curies":[{"name":"wp","href":"https:\/\/api.w.org\/{rel}","templated":true}]}}