{"id":5416,"date":"2012-04-26T15:05:07","date_gmt":"2012-04-26T15:05:07","guid":{"rendered":"http:\/\/apub.org.br\/?p=5416"},"modified":"2012-04-26T15:05:07","modified_gmt":"2012-04-26T15:05:07","slug":"conselho-empossado-e-delegados-eleitos","status":"publish","type":"post","link":"https:\/\/apub.org.br\/siteantigo\/conselho-empossado-e-delegados-eleitos\/","title":{"rendered":"Conselho empossado e delegados eleitos"},"content":{"rendered":"<p style=\"text-align: justify;\">Ainda na assembleia realizada nesta quarta-feira (25), na sede do Sindicato, como parte da programa\u00e7\u00e3o do Dia Nacional de Mobiliza\u00e7\u00e3o, o Conselho de Representantes da Apub foi empossado. De acordo com delibera\u00e7\u00e3o, as unidades que ainda n\u00e3o indicaram o docente para compor o conselho pode ainda faz\u00ea-lo.<\/p>\n<p style=\"text-align: justify;\">Outro item da pauta da assembleia foi a elei\u00e7\u00e3o dos delegados para os congressos Estadual e Nacional da Central \u00danica dos Trabalhadores, CECUT e CONCUT. A etapa Bahia, acontece em Salvador, entre os dias 31 de maio a 2 de junho. A nacional ocorre no m\u00eas seguinte, de 9 a 13 de julho, em S\u00e3o Paulo.<\/p>\n<p style=\"text-align: justify;\">Foram eleitos os professores e professoras, por ordem de n\u00famero de votos recebidos, Celi Taffarel, Israel Pinheiro e Lina Aras, como titulares, Elisabeth Bittencourt, Nair Casagrande \u00a0e Cl\u00e1udio Lira, como suplentes.<\/p>\n","protected":false},"excerpt":{"rendered":"<p>Ainda na assembleia realizada nesta quarta-feira (25), na sede do Sindicato, como parte da programa\u00e7\u00e3o do Dia Nacional de Mobiliza\u00e7\u00e3o, o Conselho de Representantes da Apub foi empossado. De acordo com delibera\u00e7\u00e3o, as unidades que ainda n\u00e3o indicaram o docente para compor o conselho pode ainda faz\u00ea-lo. Outro item da pauta da assembleia foi a [&hellip;]<\/p>\n","protected":false},"author":1,"featured_media":0,"comment_status":"closed","ping_status":"closed","sticky":false,"template":"","format":"standard","meta":{"footnotes":""},"categories":[146],"tags":[],"class_list":["post-5416","post","type-post","status-publish","format-standard","hentry","category-latest-news"],"_links":{"self":[{"href":"https:\/\/apub.org.br\/siteantigo\/wp-json\/wp\/v2\/posts\/5416","targetHints":{"allow":["GET"]}}],"collection":[{"href":"https:\/\/apub.org.br\/siteantigo\/wp-json\/wp\/v2\/posts"}],"about":[{"href":"https:\/\/apub.org.br\/siteantigo\/wp-json\/wp\/v2\/types\/post"}],"author":[{"embeddable":true,"href":"https:\/\/apub.org.br\/siteantigo\/wp-json\/wp\/v2\/users\/1"}],"replies":[{"embeddable":true,"href":"https:\/\/apub.org.br\/siteantigo\/wp-json\/wp\/v2\/comments?post=5416"}],"version-history":[{"count":0,"href":"https:\/\/apub.org.br\/siteantigo\/wp-json\/wp\/v2\/posts\/5416\/revisions"}],"wp:attachment":[{"href":"https:\/\/apub.org.br\/siteantigo\/wp-json\/wp\/v2\/media?parent=5416"}],"wp:term":[{"taxonomy":"category","embeddable":true,"href":"https:\/\/apub.org.br\/siteantigo\/wp-json\/wp\/v2\/categories?post=5416"},{"taxonomy":"post_tag","embeddable":true,"href":"https:\/\/apub.org.br\/siteantigo\/wp-json\/wp\/v2\/tags?post=5416"}],"curies":[{"name":"wp","href":"https:\/\/api.w.org\/{rel}","templated":true}]}}