{"id":5422,"date":"2012-04-25T17:39:45","date_gmt":"2012-04-25T17:39:45","guid":{"rendered":"http:\/\/apub.org.br\/?p=5422"},"modified":"2012-04-25T17:39:45","modified_gmt":"2012-04-25T17:39:45","slug":"reuniao-com-o-mpog-termina-sem-avanco","status":"publish","type":"post","link":"https:\/\/apub.org.br\/siteantigo\/reuniao-com-o-mpog-termina-sem-avanco\/","title":{"rendered":"Reuni\u00e3o com o MPOG termina sem avan\u00e7o"},"content":{"rendered":"<p style=\"text-align: justify;\">A conversa sobre a estrutura e o desenvolvimento das carreiras do Magist\u00e9rio Superior (MS) e do Ensino B\u00e1sico, T\u00e9cnico e Tecnol\u00f3gico (EBTT), bem como sobre o respectivo processo de enquadramento dos atuais professores nas carreiras reestruturadas foi retomada na rodada de negocia\u00e7\u00e3o desta quarta-feira (25), em Bras\u00edlia. Ap\u00f3s uma longa discuss\u00e3o e da apresenta\u00e7\u00e3o das propostas apresentadas pelas partes, MPOG, Proifes, Sinasefe e Andes, o secret\u00e1rio das Rela\u00e7\u00f5es do Trabalho, S\u00e9rgio Mendon\u00e7a, disse que o governo agora precisa se reunir para discutir internamente sobre as demandas e marcou nova rodada para o pr\u00f3ximo dia 15, quando deve apresentar respostas aos docentes.<\/p>\n","protected":false},"excerpt":{"rendered":"<p>A conversa sobre a estrutura e o desenvolvimento das carreiras do Magist\u00e9rio Superior (MS) e do Ensino B\u00e1sico, T\u00e9cnico e Tecnol\u00f3gico (EBTT), bem como sobre o respectivo processo de enquadramento dos atuais professores nas carreiras reestruturadas foi retomada na rodada de negocia\u00e7\u00e3o desta quarta-feira (25), em Bras\u00edlia. Ap\u00f3s uma longa discuss\u00e3o e da apresenta\u00e7\u00e3o das [&hellip;]<\/p>\n","protected":false},"author":1,"featured_media":0,"comment_status":"closed","ping_status":"closed","sticky":false,"template":"","format":"standard","meta":{"footnotes":""},"categories":[146],"tags":[],"class_list":["post-5422","post","type-post","status-publish","format-standard","hentry","category-latest-news"],"_links":{"self":[{"href":"https:\/\/apub.org.br\/siteantigo\/wp-json\/wp\/v2\/posts\/5422","targetHints":{"allow":["GET"]}}],"collection":[{"href":"https:\/\/apub.org.br\/siteantigo\/wp-json\/wp\/v2\/posts"}],"about":[{"href":"https:\/\/apub.org.br\/siteantigo\/wp-json\/wp\/v2\/types\/post"}],"author":[{"embeddable":true,"href":"https:\/\/apub.org.br\/siteantigo\/wp-json\/wp\/v2\/users\/1"}],"replies":[{"embeddable":true,"href":"https:\/\/apub.org.br\/siteantigo\/wp-json\/wp\/v2\/comments?post=5422"}],"version-history":[{"count":0,"href":"https:\/\/apub.org.br\/siteantigo\/wp-json\/wp\/v2\/posts\/5422\/revisions"}],"wp:attachment":[{"href":"https:\/\/apub.org.br\/siteantigo\/wp-json\/wp\/v2\/media?parent=5422"}],"wp:term":[{"taxonomy":"category","embeddable":true,"href":"https:\/\/apub.org.br\/siteantigo\/wp-json\/wp\/v2\/categories?post=5422"},{"taxonomy":"post_tag","embeddable":true,"href":"https:\/\/apub.org.br\/siteantigo\/wp-json\/wp\/v2\/tags?post=5422"}],"curies":[{"name":"wp","href":"https:\/\/api.w.org\/{rel}","templated":true}]}}