{"id":5472,"date":"2012-04-30T17:55:11","date_gmt":"2012-04-30T17:55:11","guid":{"rendered":"http:\/\/apub.org.br\/?p=5472"},"modified":"2012-04-30T17:55:11","modified_gmt":"2012-04-30T17:55:11","slug":"institutos-federais-oferecerao-cursos-a-servidores-de-escolas","status":"publish","type":"post","link":"https:\/\/apub.org.br\/siteantigo\/institutos-federais-oferecerao-cursos-a-servidores-de-escolas\/","title":{"rendered":"Institutos federais oferecem curso a servidores de escolas"},"content":{"rendered":"<p style=\"text-align: justify;\">Institutos federais de educa\u00e7\u00e3o, ci\u00eancia e tecnologia oferecer\u00e3o, ao longo deste ano, 66 mil vagas em cursos t\u00e9cnicos a dist\u00e2ncia para funcion\u00e1rios das redes estaduais e municipais de educa\u00e7\u00e3o. As primeiras turmas ser\u00e3o abertas em maio, nos estados de Minas Gerais, Bahia, Rio Grande do Sul, Acre, Rond\u00f4nia e Paran\u00e1. A proposta \u00e9 qualificar 12 mil profissionais de escolas p\u00fablicas brasileiras. A partir de agosto, est\u00e3o previstas mais 54 mil vagas em outras unidades da Federa\u00e7\u00e3o. A a\u00e7\u00e3o integra o Programa Nacional de Forma\u00e7\u00e3o Inicial em Servi\u00e7os dos Profissionais da Educa\u00e7\u00e3o B\u00e1sica dos Sistemas de Ensino P\u00fablico (Profuncion\u00e1rio), que oferta forma\u00e7\u00e3o t\u00e9cnica de n\u00edvel m\u00e9dio a servidores dos quadros efetivos escolares.<\/p>\n<p style=\"text-align: justify;\"><em>Por Proifes &#8211; Federa\u00e7\u00e3o<\/em><\/p>\n","protected":false},"excerpt":{"rendered":"<p>Institutos federais de educa\u00e7\u00e3o, ci\u00eancia e tecnologia oferecer\u00e3o, ao longo deste ano, 66 mil vagas em cursos t\u00e9cnicos a dist\u00e2ncia para funcion\u00e1rios das redes estaduais e municipais de educa\u00e7\u00e3o. As primeiras turmas ser\u00e3o abertas em maio, nos estados de Minas Gerais, Bahia, Rio Grande do Sul, Acre, Rond\u00f4nia e Paran\u00e1. A proposta \u00e9 qualificar 12 [&hellip;]<\/p>\n","protected":false},"author":1,"featured_media":0,"comment_status":"closed","ping_status":"closed","sticky":false,"template":"","format":"standard","meta":{"footnotes":""},"categories":[146],"tags":[],"class_list":["post-5472","post","type-post","status-publish","format-standard","hentry","category-latest-news"],"_links":{"self":[{"href":"https:\/\/apub.org.br\/siteantigo\/wp-json\/wp\/v2\/posts\/5472","targetHints":{"allow":["GET"]}}],"collection":[{"href":"https:\/\/apub.org.br\/siteantigo\/wp-json\/wp\/v2\/posts"}],"about":[{"href":"https:\/\/apub.org.br\/siteantigo\/wp-json\/wp\/v2\/types\/post"}],"author":[{"embeddable":true,"href":"https:\/\/apub.org.br\/siteantigo\/wp-json\/wp\/v2\/users\/1"}],"replies":[{"embeddable":true,"href":"https:\/\/apub.org.br\/siteantigo\/wp-json\/wp\/v2\/comments?post=5472"}],"version-history":[{"count":0,"href":"https:\/\/apub.org.br\/siteantigo\/wp-json\/wp\/v2\/posts\/5472\/revisions"}],"wp:attachment":[{"href":"https:\/\/apub.org.br\/siteantigo\/wp-json\/wp\/v2\/media?parent=5472"}],"wp:term":[{"taxonomy":"category","embeddable":true,"href":"https:\/\/apub.org.br\/siteantigo\/wp-json\/wp\/v2\/categories?post=5472"},{"taxonomy":"post_tag","embeddable":true,"href":"https:\/\/apub.org.br\/siteantigo\/wp-json\/wp\/v2\/tags?post=5472"}],"curies":[{"name":"wp","href":"https:\/\/api.w.org\/{rel}","templated":true}]}}