{"id":6785,"date":"2012-07-16T21:33:34","date_gmt":"2012-07-16T21:33:34","guid":{"rendered":"http:\/\/apub.org.br\/?p=6785"},"modified":"2012-07-16T21:33:34","modified_gmt":"2012-07-16T21:33:34","slug":"morte-da-prof%c2%aa-rosa-virginia-consterna-o-instituto-de-letras-e-a-ufba","status":"publish","type":"post","link":"https:\/\/apub.org.br\/siteantigo\/morte-da-prof%c2%aa-rosa-virginia-consterna-o-instituto-de-letras-e-a-ufba\/","title":{"rendered":"Falecimento da prof\u00aa Rosa Virg\u00ednia consterna o Instituto de Letras e a UFBA"},"content":{"rendered":"<div>\n<h3 style=\"text-align: justify;\">Sepultamento ser\u00e1 realizado nesta ter\u00e7a-feira, 11h30<\/h3>\n<\/div>\n<div>\n<p style=\"text-align: justify;\">O Instituto de Letras da UFBA tem o pesar de comunicar \u00e0 comunidade acad\u00eamica o falecimento da Professora Titular de L\u00edngua Portuguesa e Professora Em\u00e9rita da UFBA, Doutora Rosa Virg\u00ednia Mattos e Silva, ocorrido na manh\u00e3 desta segunda-feira (dia 16 de julho). O sepultamento est\u00e1 previsto para as 11h30 de ter\u00e7a-feira (dia 17 de julho), no Cemit\u00e9rio Jardim da Saudade.\u00a0A Profa. Rosa Virg\u00ednia Mattos e Silva era Doutora em Lingu\u00edstica pela Universidade de S\u00e3o Paulo(1971), com P\u00f3s-Doutorado na Universidade Federal do Rio de Janeiro (1981). Professora Titular de L\u00edngua Portuguesa do Instituto de Letras da Universidade Federal da Bahia, recentemente aposentada, era Professora Em\u00e9rita de nossa Universidade e ainda atuava na P\u00f3s-Gradua\u00e7\u00e3o. Pesquisadora I-A do CNPq, com investiga\u00e7\u00e3o na \u00e1rea de Lingu\u00edstica, com \u00eanfase em L\u00edngua Portuguesa e nos seguintes temas: lingu\u00edstica hist\u00f3rica, hist\u00f3ria da l\u00edngua portuguesa, hist\u00f3ria do portugu\u00eas brasileiro, portugu\u00eas arcaico e ensino da l\u00edngua portuguesa, \u00e9 uma refer\u00eancia internacional na \u00e1rea e seu nome projeta a Bahia e a UniversidadeFederal para al\u00e9m das fronteiras nacionais. Sua perda causa imensa dor a todos que conviveram com ela nos 39 anos em que atuou como docente em nossa institui\u00e7\u00e3o.<\/p>\n<\/div>\n","protected":false},"excerpt":{"rendered":"<p>Sepultamento ser\u00e1 realizado nesta ter\u00e7a-feira, 11h30 O Instituto de Letras da UFBA tem o pesar de comunicar \u00e0 comunidade acad\u00eamica o falecimento da Professora Titular de L\u00edngua Portuguesa e Professora Em\u00e9rita da UFBA, Doutora Rosa Virg\u00ednia Mattos e Silva, ocorrido na manh\u00e3 desta segunda-feira (dia 16 de julho). O sepultamento est\u00e1 previsto para as 11h30 [&hellip;]<\/p>\n","protected":false},"author":1,"featured_media":0,"comment_status":"closed","ping_status":"closed","sticky":false,"template":"","format":"standard","meta":{"footnotes":""},"categories":[146],"tags":[],"class_list":["post-6785","post","type-post","status-publish","format-standard","hentry","category-latest-news"],"_links":{"self":[{"href":"https:\/\/apub.org.br\/siteantigo\/wp-json\/wp\/v2\/posts\/6785","targetHints":{"allow":["GET"]}}],"collection":[{"href":"https:\/\/apub.org.br\/siteantigo\/wp-json\/wp\/v2\/posts"}],"about":[{"href":"https:\/\/apub.org.br\/siteantigo\/wp-json\/wp\/v2\/types\/post"}],"author":[{"embeddable":true,"href":"https:\/\/apub.org.br\/siteantigo\/wp-json\/wp\/v2\/users\/1"}],"replies":[{"embeddable":true,"href":"https:\/\/apub.org.br\/siteantigo\/wp-json\/wp\/v2\/comments?post=6785"}],"version-history":[{"count":0,"href":"https:\/\/apub.org.br\/siteantigo\/wp-json\/wp\/v2\/posts\/6785\/revisions"}],"wp:attachment":[{"href":"https:\/\/apub.org.br\/siteantigo\/wp-json\/wp\/v2\/media?parent=6785"}],"wp:term":[{"taxonomy":"category","embeddable":true,"href":"https:\/\/apub.org.br\/siteantigo\/wp-json\/wp\/v2\/categories?post=6785"},{"taxonomy":"post_tag","embeddable":true,"href":"https:\/\/apub.org.br\/siteantigo\/wp-json\/wp\/v2\/tags?post=6785"}],"curies":[{"name":"wp","href":"https:\/\/api.w.org\/{rel}","templated":true}]}}