{"id":6796,"date":"2012-07-17T10:09:06","date_gmt":"2012-07-17T10:09:06","guid":{"rendered":"http:\/\/apub.org.br\/?p=6796"},"modified":"2012-07-17T10:09:06","modified_gmt":"2012-07-17T10:09:06","slug":"ufrb-seminario-discutiu-curricularizacao-da-extensao","status":"publish","type":"post","link":"https:\/\/apub.org.br\/siteantigo\/ufrb-seminario-discutiu-curricularizacao-da-extensao\/","title":{"rendered":"UFRB &#8211; Semin\u00e1rio discutiu curriculariza\u00e7\u00e3o da extens\u00e3o"},"content":{"rendered":"<p style=\"text-align: justify;\">Dia 13 de julho, a Universidade Federal do Rec\u00f4ncavo da Bahia (UFRB) e a Universidade Estadual de Feira de Santana (UEFS) promoveram o Semin\u00e1rio Ensino e Extens\u00e3o: Di\u00e1logos e Converg\u00eancias, que discutiu a curriculariza\u00e7\u00e3o da extens\u00e3o, seus motivos e poss\u00edveis caminhos.<\/p>\n<p style=\"text-align: justify;\">Durante o evento, os pr\u00f3-reitores de extens\u00e3o da Universidade Federal do Rio Grande do Norte (UFRN), Cipriano Vasconcelos, e da Universidade Federal da Bahia (UFBA), Dulce Aquino, apresentaram experi\u00eancias que visam contribuir para o cumprimento da meta estabelecida pelo Plano Nacional de Educa\u00e7\u00e3o (PNE), que prev\u00ea que pelo menos 10% da carga hor\u00e1ria das matrizes curriculares dos cursos de gradua\u00e7\u00e3o sejam destinados a atividades de extens\u00e3o, ampliando o di\u00e1logo entre universidade e sociedade.<\/p>\n<div style=\"text-align: justify;\">\n<p style=\"text-align: justify;\">A experi\u00eancia pioneira da UFBA, que criou, em 2001, disciplinas caracterizadas como Atividades Curriculares em Comunidade &#8211; ACC, foi apresentada como um modelo a ser observado. Para a professora Dulce Aquino, &#8220;o que est\u00e1 em pauta \u00e9 uma forma\u00e7\u00e3o universit\u00e1ria cidad\u00e3, \u00e9tica e solid\u00e1ria&#8221;.<br \/>\nNa UFRB, o Bacharelado Interdisciplinar de Sa\u00fade vem testando o PAR &#8211; Processo de Apropria\u00e7\u00e3o da Realidade, mecanismo atrav\u00e9s do qual o estudante acompanha e interv\u00e9m na realidade de uma comunidade ao longo de cinco semestres.<br \/>\nHoje, nas universidades brasileiras, apenas 5% dos estudantes fazem a\u00e7\u00f5es de extens\u00e3o. O objetivo, segundo o professor Cipriano Vasconcelos, \u00e9 &#8220;universalizar o acesso \u00e0s a\u00e7\u00f5es de extens\u00e3o&#8221;. Para a pr\u00f3-reitora de extens\u00e3o da UFRB, Ana Rita Santiago, anfitri\u00e3 do evento, junto com a professora Maria Helena Besnosik, da UEFS, o encontro, que reuniu mais de cem participantes, pode ser considerado um marco para o desenvolvimento das pol\u00edticas de extens\u00e3o das duas institui\u00e7\u00f5es.<\/p>\n<\/div>\n","protected":false},"excerpt":{"rendered":"<p>Dia 13 de julho, a Universidade Federal do Rec\u00f4ncavo da Bahia (UFRB) e a Universidade Estadual de Feira de Santana (UEFS) promoveram o Semin\u00e1rio Ensino e Extens\u00e3o: Di\u00e1logos e Converg\u00eancias, que discutiu a curriculariza\u00e7\u00e3o da extens\u00e3o, seus motivos e poss\u00edveis caminhos. Durante o evento, os pr\u00f3-reitores de extens\u00e3o da Universidade Federal do Rio Grande do [&hellip;]<\/p>\n","protected":false},"author":1,"featured_media":0,"comment_status":"closed","ping_status":"closed","sticky":false,"template":"","format":"standard","meta":{"footnotes":""},"categories":[146],"tags":[],"class_list":["post-6796","post","type-post","status-publish","format-standard","hentry","category-latest-news"],"_links":{"self":[{"href":"https:\/\/apub.org.br\/siteantigo\/wp-json\/wp\/v2\/posts\/6796","targetHints":{"allow":["GET"]}}],"collection":[{"href":"https:\/\/apub.org.br\/siteantigo\/wp-json\/wp\/v2\/posts"}],"about":[{"href":"https:\/\/apub.org.br\/siteantigo\/wp-json\/wp\/v2\/types\/post"}],"author":[{"embeddable":true,"href":"https:\/\/apub.org.br\/siteantigo\/wp-json\/wp\/v2\/users\/1"}],"replies":[{"embeddable":true,"href":"https:\/\/apub.org.br\/siteantigo\/wp-json\/wp\/v2\/comments?post=6796"}],"version-history":[{"count":0,"href":"https:\/\/apub.org.br\/siteantigo\/wp-json\/wp\/v2\/posts\/6796\/revisions"}],"wp:attachment":[{"href":"https:\/\/apub.org.br\/siteantigo\/wp-json\/wp\/v2\/media?parent=6796"}],"wp:term":[{"taxonomy":"category","embeddable":true,"href":"https:\/\/apub.org.br\/siteantigo\/wp-json\/wp\/v2\/categories?post=6796"},{"taxonomy":"post_tag","embeddable":true,"href":"https:\/\/apub.org.br\/siteantigo\/wp-json\/wp\/v2\/tags?post=6796"}],"curies":[{"name":"wp","href":"https:\/\/api.w.org\/{rel}","templated":true}]}}