{"id":7104,"date":"2012-08-01T14:03:53","date_gmt":"2012-08-01T14:03:53","guid":{"rendered":"http:\/\/apub.org.br\/?p=7104"},"modified":"2012-08-01T14:03:53","modified_gmt":"2012-08-01T14:03:53","slug":"nota-publica","status":"publish","type":"post","link":"https:\/\/apub.org.br\/siteantigo\/nota-publica\/","title":{"rendered":"NOTA P\u00daBLICA"},"content":{"rendered":"<div id=\"_mcePaste\" style=\"text-align: justify;\">A APUB &#8211; Sindicato dos Professores das Institui\u00e7\u00f5es Federais de Ensino Superior da Bahia &#8211; vem convidar todos os seus filiados a participarem da consulta eletr\u00f4nica que ser\u00e1 realizada at\u00e9 o dia 01 de agosto de 2012 \u00e0s 17 horas, em n\u00edvel nacional, para que se posicionem em rela\u00e7\u00e3o \u00e0 proposta de Reestrutura\u00e7\u00e3o da Carreira apresentada pelo Governo em \u00a024\/07\/12. A proposta negociada nessa reuni\u00e3o atendeu em ess\u00eancia os 15 pontos apresentados pelo PROIFES- FEDERA\u00c7\u00c3O.<\/div>\n<div id=\"_mcePaste\" style=\"text-align: justify;\">A vota\u00e7\u00e3o est\u00e1 sendo feita via internet atrav\u00e9s de senhas individuais enviadas por email para associados (as). Tal consulta ocorre atrav\u00e9s de plebiscito, meio comprovadamente democr\u00e1tico, e visa, portanto, a assinatura de acordo com o Governo bem como a decis\u00e3o sobre o futuro da greve.<\/div>\n<div id=\"_mcePaste\" style=\"text-align: justify;\">A diretoria est\u00e1 envidando esfor\u00e7os no sentido da mais ampla participa\u00e7\u00e3o, pois entende que este \u00e9 o meio mais democr\u00e1tico para se ouvir um maior n\u00famero de professores. Ap\u00f3s o termino da consulta, a Diretoria da APUB Sindicato analisar\u00e1 o momento oportuno para anunciar os encaminhamentos que se fizerem necess\u00e1rios.<\/div>\n<p style=\"text-align: justify;\">A APUB &#8211; Sindicato dos Professores das Institui\u00e7\u00f5es Federais de Ensino Superior da Bahia &#8211; vem convidar todos os seus filiados a participarem da consulta eletr\u00f4nica que ser\u00e1 realizada at\u00e9 o dia 01 de agosto de 2012 \u00e0s 17 horas, a n\u00edvel nacional, para que se posicionem em rela\u00e7\u00e3o \u00e0 proposta de Reestrutura\u00e7\u00e3o da Carreira apresentada pelo Governo em \u00a024\/07\/12. A proposta negociada nessa reuni\u00e3o atendeu em ess\u00eancia os 15 pontos apresentados pelo PROIFES- FEDERA\u00c7\u00c3O.A vota\u00e7\u00e3o est\u00e1 sendo feita via internet atrav\u00e9s de senhas individuais enviadas por email para associados (as). Tal consulta ocorre atrav\u00e9s de plebiscito, meio comprovadamente democr\u00e1tico, e visa, portanto, a assinatura de acordo com o Governo bem como a decis\u00e3o sobre o futuro da greve.\u00a0A diretoria est\u00e1 envidando esfor\u00e7os no sentido da mais ampla participa\u00e7\u00e3o, pois entende que este \u00e9 o meio mais democr\u00e1tico para se ouvir um maior n\u00famero de professores. Ap\u00f3s o termino da consulta, a Diretoria da APUB Sindicato analisar\u00e1 o momento oportuno para anunciar os encaminhamentos que se fizerem necess\u00e1rios.<\/p>\n","protected":false},"excerpt":{"rendered":"<p>A APUB &#8211; Sindicato dos Professores das Institui\u00e7\u00f5es Federais de Ensino Superior da Bahia &#8211; vem convidar todos os seus filiados a participarem da consulta eletr\u00f4nica que ser\u00e1 realizada at\u00e9 o dia 01 de agosto de 2012 \u00e0s 17 horas, em n\u00edvel nacional, para que se posicionem em rela\u00e7\u00e3o \u00e0 proposta de Reestrutura\u00e7\u00e3o da Carreira [&hellip;]<\/p>\n","protected":false},"author":1,"featured_media":0,"comment_status":"closed","ping_status":"closed","sticky":false,"template":"","format":"standard","meta":{"footnotes":""},"categories":[146],"tags":[],"class_list":["post-7104","post","type-post","status-publish","format-standard","hentry","category-latest-news"],"_links":{"self":[{"href":"https:\/\/apub.org.br\/siteantigo\/wp-json\/wp\/v2\/posts\/7104","targetHints":{"allow":["GET"]}}],"collection":[{"href":"https:\/\/apub.org.br\/siteantigo\/wp-json\/wp\/v2\/posts"}],"about":[{"href":"https:\/\/apub.org.br\/siteantigo\/wp-json\/wp\/v2\/types\/post"}],"author":[{"embeddable":true,"href":"https:\/\/apub.org.br\/siteantigo\/wp-json\/wp\/v2\/users\/1"}],"replies":[{"embeddable":true,"href":"https:\/\/apub.org.br\/siteantigo\/wp-json\/wp\/v2\/comments?post=7104"}],"version-history":[{"count":0,"href":"https:\/\/apub.org.br\/siteantigo\/wp-json\/wp\/v2\/posts\/7104\/revisions"}],"wp:attachment":[{"href":"https:\/\/apub.org.br\/siteantigo\/wp-json\/wp\/v2\/media?parent=7104"}],"wp:term":[{"taxonomy":"category","embeddable":true,"href":"https:\/\/apub.org.br\/siteantigo\/wp-json\/wp\/v2\/categories?post=7104"},{"taxonomy":"post_tag","embeddable":true,"href":"https:\/\/apub.org.br\/siteantigo\/wp-json\/wp\/v2\/tags?post=7104"}],"curies":[{"name":"wp","href":"https:\/\/api.w.org\/{rel}","templated":true}]}}