{"id":7120,"date":"2012-08-02T11:59:48","date_gmt":"2012-08-02T11:59:48","guid":{"rendered":"http:\/\/apub.org.br\/?p=7120"},"modified":"2012-08-02T11:59:48","modified_gmt":"2012-08-02T11:59:48","slug":"consulta-eletronica-nacional-indica-aceitacao-da-proposta","status":"publish","type":"post","link":"https:\/\/apub.org.br\/siteantigo\/consulta-eletronica-nacional-indica-aceitacao-da-proposta\/","title":{"rendered":"Consulta Eletr\u00f4nica Nacional indica aceita\u00e7\u00e3o da proposta"},"content":{"rendered":"<p style=\"text-align: justify;\">Com o objetivo de democratizar e ampliar a participa\u00e7\u00e3o dos docentes federais sobre a avalia\u00e7\u00e3o da proposta de reestrutura\u00e7\u00e3o de carreira e reajuste salarial apresentada pelo governo, o PROIFES-Federa\u00e7\u00e3o deu in\u00edcio a uma Consulta Eletronica\u00a0nacional no \u00faltimo dia 28 de julho. Dos 5.222 professores participantes, de 43 Universidades e Institutos federais, 3.854 (74%) responderam favoravelmente \u00e0 proposta e 1.322 (25,3%) foram contr\u00e1rios. 30 docentes n\u00e3o se manifestaram (0,6% ) e os votos brancos, 6, \u00a0representaram 0,1%.<\/p>\n<div id=\"corpo\" style=\"text-align: justify;\">\n<p>A indica\u00e7\u00e3o para que os professores dissessem sim a proposta partiu do Conselho Deliberativo do PROIFES que avaliou avan\u00e7os na negocia\u00e7\u00e3o ap\u00f3s terem sido atendidas 15 reivindica\u00e7\u00f5es fundamentais \u00e0 continuidade do di\u00e1logo. A postura do Conselho tamb\u00e9m refletiu uma preocupa\u00e7\u00e3o com o prazo de 31 de agosto para que o governo envie Projeto de Lei ao Congresso Nacional. Do contr\u00e1rio n\u00e3o haver\u00e1 reajuste em 2013 e todos os avan\u00e7os da negocia\u00e7\u00e3o iniciada em setembro do ano passado sejam desconsiderados.<\/p>\n<p>Entre os avan\u00e7os est\u00e3o a garantia de que nenhum professor recebesse um reajuste inferior a 25%. Para atender a demanda, o governo teve que ampliar os recursos de 3,92 para 4,2bilh\u00f5es. Os Minist\u00e9rios da Educa\u00e7\u00e3o e do Planejamento retiraram os pontos que feriam a autonomia universit\u00e1ria, anteciparam para mar\u00e7o o pagamento dos reajustes anuais, e retiram as barreiras para progress\u00e3o no Magist\u00e9rio Superior e no Ensino B\u00e1sico, T\u00e9cnico, e Tecnol\u00f3gico.<\/p>\n<p><strong>PROIFES-Federa\u00e7\u00e3o<\/strong><\/p>\n<p>A Federa\u00e7\u00e3o de Sindicatos de Professores de Institui\u00e7\u00f5es Federais de Ensino Superior (PROIFES-Federa\u00e7\u00e3o), entidade de car\u00e1ter sindical e com abrang\u00eancia em todo o territ\u00f3rio brasileiro, surgiu do anseio dos docentes para se construir uma organiza\u00e7\u00e3o sindical de modelo federativo, mais participativa e com princ\u00edpios de autonomia, pluralidade, descentraliza\u00e7\u00e3o, independ\u00eancia e democracia.<\/p>\n<p>Desde 2004, a luta por melhorias no sal\u00e1rio e na Carreira Docente, al\u00e9m da defesa dos direitos dos professores federais s\u00e3o as principais bandeiras do Proifes, que transformou-se em Federa\u00e7\u00e3o em 2012, resultado de um amadurecimento do sindicalismo.<\/p>\n<p><a href=\"http:\/\/www.proifes.org.br\/\">www.proifes.org.br<\/a><\/p>\n<p style=\"text-align: justify;\"><a href=\"mailto:comunicacao.proifes@gmail.com\">comunicacao.proifes@gmail.com<\/a><\/p>\n<\/div>\n","protected":false},"excerpt":{"rendered":"<p>Com o objetivo de democratizar e ampliar a participa\u00e7\u00e3o dos docentes federais sobre a avalia\u00e7\u00e3o da proposta de reestrutura\u00e7\u00e3o de carreira e reajuste salarial apresentada pelo governo, o PROIFES-Federa\u00e7\u00e3o deu in\u00edcio a uma Consulta Eletronica\u00a0nacional no \u00faltimo dia 28 de julho. Dos 5.222 professores participantes, de 43 Universidades e Institutos federais, 3.854 (74%) responderam favoravelmente [&hellip;]<\/p>\n","protected":false},"author":1,"featured_media":0,"comment_status":"closed","ping_status":"closed","sticky":false,"template":"","format":"standard","meta":{"footnotes":""},"categories":[146],"tags":[],"class_list":["post-7120","post","type-post","status-publish","format-standard","hentry","category-latest-news"],"_links":{"self":[{"href":"https:\/\/apub.org.br\/siteantigo\/wp-json\/wp\/v2\/posts\/7120","targetHints":{"allow":["GET"]}}],"collection":[{"href":"https:\/\/apub.org.br\/siteantigo\/wp-json\/wp\/v2\/posts"}],"about":[{"href":"https:\/\/apub.org.br\/siteantigo\/wp-json\/wp\/v2\/types\/post"}],"author":[{"embeddable":true,"href":"https:\/\/apub.org.br\/siteantigo\/wp-json\/wp\/v2\/users\/1"}],"replies":[{"embeddable":true,"href":"https:\/\/apub.org.br\/siteantigo\/wp-json\/wp\/v2\/comments?post=7120"}],"version-history":[{"count":0,"href":"https:\/\/apub.org.br\/siteantigo\/wp-json\/wp\/v2\/posts\/7120\/revisions"}],"wp:attachment":[{"href":"https:\/\/apub.org.br\/siteantigo\/wp-json\/wp\/v2\/media?parent=7120"}],"wp:term":[{"taxonomy":"category","embeddable":true,"href":"https:\/\/apub.org.br\/siteantigo\/wp-json\/wp\/v2\/categories?post=7120"},{"taxonomy":"post_tag","embeddable":true,"href":"https:\/\/apub.org.br\/siteantigo\/wp-json\/wp\/v2\/tags?post=7120"}],"curies":[{"name":"wp","href":"https:\/\/api.w.org\/{rel}","templated":true}]}}