{"id":7129,"date":"2012-08-02T15:43:08","date_gmt":"2012-08-02T15:43:08","guid":{"rendered":"http:\/\/apub.org.br\/?p=7129"},"modified":"2012-08-02T15:43:08","modified_gmt":"2012-08-02T15:43:08","slug":"7129","status":"publish","type":"post","link":"https:\/\/apub.org.br\/siteantigo\/7129\/","title":{"rendered":"Encerrada a Mesa de Negocia\u00e7\u00e3o. Governo vai assinar acordo com PROIFES"},"content":{"rendered":"<p style=\"text-align: justify;\">O Secret\u00e1rio de Recursos Humanos do Minist\u00e9rio do Planejamento, Or\u00e7amento e Gest\u00e3o (MPOG), S\u00e9rgio Mendon\u00e7a, come\u00e7ou a reuni\u00e3o de negocia\u00e7\u00e3o pedindo \u00e0s entidades sindicais presentes que se manifestassem sobre a proposta do Governo.<\/p>\n<div id=\"corpo\" style=\"text-align: justify;\">\n<p style=\"text-align: justify;\">Os representantes da Andes declararam que o sindicato rejeita integralmente a proposta final apresentada pelo Governo e que todas as assembleias realizadas apoiavam a posi\u00e7\u00e3o da Diretoria nesse sentido. Disseram que a entidade estava ali para negociar, desde que o Governo adotasse a l\u00f3gica e a pauta da Andes. De acordo com a presidenta da entidade, seria preciso primeiro mudar o tom da conversa, aceitando os princ\u00edpios defendidos pela Andes \u2013 carreira \u00fanica com 13 n\u00edveis, eliminadas as atuais classes, e todos os demais itens j\u00e1 apresentados. Outro dirigente disse que a Andes n\u00e3o estava ali para pedir nada: \u201cestamos \u00e0 frente da maior greve da hist\u00f3ria e, depois de resolvidas as quest\u00f5es relativas \u00e0 carreira e aos sal\u00e1rios dos professores, ser\u00e1 preciso iniciar a discuss\u00e3o do segundo ponto de pauta da entidade, para debater a falta de qualidade do atual processo de expans\u00e3o de universidades e institutos federais\u201d. Ainda de acordo com a Andes, a discuss\u00e3o desse segundo ponto de pauta sequer come\u00e7ou e a entidade rejeita debater essa quest\u00e3o ou quaisquer outras em grupos de trabalho, que \u201cn\u00e3o funcionam\u201d.<\/p>\n<p style=\"text-align: justify;\">Os coordenadores gerais do Sinasefe disseram que tamb\u00e9m n\u00e3o aceitam a proposta e que a assinatura de um acordo n\u00e3o \u00e9 poss\u00edvel diante da falta de negocia\u00e7\u00e3o da pauta dos servidores t\u00e9cnico-administrativos, uma vez que tamb\u00e9m representam essa categoria.<\/p>\n<p style=\"text-align: justify;\">O presidente do PROIFES-Federa\u00e7\u00e3o, Eduardo Rolim, apresentou um retrospecto de todo o presente processo de debate, desde o ano passado, defendeu a institucionaliza\u00e7\u00e3o da negocia\u00e7\u00e3o coletiva dos servidores p\u00fablicos e criticou o rompimento unilateral das discuss\u00f5es sobre reestrutura\u00e7\u00e3o e sal\u00e1rios por parte do Governo.\u00a0<a href=\"http:\/\/proifes.org.br\/encerrada-a-mesa-de-negociacao-governo-vai-assinar-acordo-com-proifes\/\">Leia mais<\/a><\/p>\n<\/div>\n","protected":false},"excerpt":{"rendered":"<p>O Secret\u00e1rio de Recursos Humanos do Minist\u00e9rio do Planejamento, Or\u00e7amento e Gest\u00e3o (MPOG), S\u00e9rgio Mendon\u00e7a, come\u00e7ou a reuni\u00e3o de negocia\u00e7\u00e3o pedindo \u00e0s entidades sindicais presentes que se manifestassem sobre a proposta do Governo. Os representantes da Andes declararam que o sindicato rejeita integralmente a proposta final apresentada pelo Governo e que todas as assembleias realizadas [&hellip;]<\/p>\n","protected":false},"author":1,"featured_media":0,"comment_status":"closed","ping_status":"closed","sticky":false,"template":"","format":"standard","meta":{"footnotes":""},"categories":[146],"tags":[],"class_list":["post-7129","post","type-post","status-publish","format-standard","hentry","category-latest-news"],"_links":{"self":[{"href":"https:\/\/apub.org.br\/siteantigo\/wp-json\/wp\/v2\/posts\/7129","targetHints":{"allow":["GET"]}}],"collection":[{"href":"https:\/\/apub.org.br\/siteantigo\/wp-json\/wp\/v2\/posts"}],"about":[{"href":"https:\/\/apub.org.br\/siteantigo\/wp-json\/wp\/v2\/types\/post"}],"author":[{"embeddable":true,"href":"https:\/\/apub.org.br\/siteantigo\/wp-json\/wp\/v2\/users\/1"}],"replies":[{"embeddable":true,"href":"https:\/\/apub.org.br\/siteantigo\/wp-json\/wp\/v2\/comments?post=7129"}],"version-history":[{"count":0,"href":"https:\/\/apub.org.br\/siteantigo\/wp-json\/wp\/v2\/posts\/7129\/revisions"}],"wp:attachment":[{"href":"https:\/\/apub.org.br\/siteantigo\/wp-json\/wp\/v2\/media?parent=7129"}],"wp:term":[{"taxonomy":"category","embeddable":true,"href":"https:\/\/apub.org.br\/siteantigo\/wp-json\/wp\/v2\/categories?post=7129"},{"taxonomy":"post_tag","embeddable":true,"href":"https:\/\/apub.org.br\/siteantigo\/wp-json\/wp\/v2\/tags?post=7129"}],"curies":[{"name":"wp","href":"https:\/\/api.w.org\/{rel}","templated":true}]}}