{"id":7136,"date":"2012-08-02T16:23:49","date_gmt":"2012-08-02T16:23:49","guid":{"rendered":"http:\/\/apub.org.br\/?p=7136"},"modified":"2012-08-02T16:23:49","modified_gmt":"2012-08-02T16:23:49","slug":"com-740-dos-votos-base-do-proifes-aprova-proposta-do-governo","status":"publish","type":"post","link":"https:\/\/apub.org.br\/siteantigo\/com-740-dos-votos-base-do-proifes-aprova-proposta-do-governo\/","title":{"rendered":"Com 74,0 % dos votos, base do Proifes aprova proposta do governo"},"content":{"rendered":"<blockquote>\n<p style=\"text-align: justify;\">Durante cinco dias, participaram da consulta  eletr\u00f4nica plebiscit\u00e1ria, realizada pelo Proifes Federa\u00e7\u00e3o, professores da base  e de outras institui\u00e7\u00f5es, em um total de 43 unidades, entre universidades e  institutos federais do pa\u00eds. <strong>Do total dos 5.222 votos, 74,0% aprovaram a  proposta do governo, apresentada no \u00faltimo dia 24 de julho. Parados h\u00e1 65 dias,  77,2% dos professores da base da Apub Sindicato tamb\u00e9m disseram sim \u00e0 aceita\u00e7\u00e3o  da proposta.<\/strong><\/p>\n<p style=\"text-align: justify;\">Com o resultado, a Federa\u00e7\u00e3o assinar\u00e1 o acordo, que  deve ocorrer nesta quinta-feira (02\/08), em Bras\u00edlia. Outro fator que leva a  entidade a agilizar a assinatura do documento \u00e9 que o prazo para que o governo  envie Projeto de Lei ao Congresso Nacional termina no pr\u00f3ximo dia 31.<span style=\"color: #333399;\"> <strong>Se a  categoria perder a data, n\u00e3o haver\u00e1 reajuste em 2013 e todos os avan\u00e7os da  negocia\u00e7\u00e3o podem ser desconsiderados.<\/strong><\/span><\/p>\n<p style=\"text-align: justify;\">Ap\u00f3s a assinatura do acordo, representantes dos  docentes v\u00e3o discutir os rumos da greve. Os da Bahia se re\u00fanem em assembleia, na  ter\u00e7a-feira (07\/08), a partir das 14h30.<\/p>\n<p style=\"text-align: justify;\"><strong> <\/strong><\/p>\n<p style=\"text-align: justify;\"><strong>PROPOSTA<\/strong><\/p>\n<p style=\"text-align: justify;\">Na rodada de negocia\u00e7\u00e3o ocorrida nesta quarta-feira  (01\/08), sentados \u00e0 mesa com os representantes dos minist\u00e9rios do Planejamento e  da Educa\u00e7\u00e3o, a Andes e o Sinasef rejeitaram a proposta e afirmaram que continuam  em greve. A Andes afirmou ainda que a entidade  estava ali para negociar, desde que o Governo adotasse a l\u00f3gica e a pauta  deles.<\/p>\n<p style=\"text-align: justify;\">O Proifes aceita a proposta, pois, contemplou os 15  itens da pauta constru\u00edda pelas entidades filiadas, \u00a0Entre os avan\u00e7os est\u00e3o a garantia de que nenhum professor  recebesse um reajuste inferior a 25%. Para atender a demanda, o governo teve que  ampliar os recursos de 3,92 para 4,2bilh\u00f5es. Os Minist\u00e9rios da Educa\u00e7\u00e3o e do  Planejamento retiraram os pontos que feriam a autonomia universit\u00e1ria,  anteciparam para mar\u00e7o o pagamento dos reajustes anuais, e retiram as barreiras  para progress\u00e3o no Magist\u00e9rio Superior e no Ensino B\u00e1sico, T\u00e9cnico, e  Tecnol\u00f3gico.<\/p>\n<\/blockquote>\n<blockquote><p>Em reuni\u00e3o nesta quinta (02\/08), o secret\u00e1rio das  Rela\u00e7\u00f5es de Trabalho, S\u00e9rgio Mendon\u00e7a, ratificou que esta proposta \u00e9 final e que  n\u00e3o h\u00e1 mais como avan\u00e7ar na negocia\u00e7\u00e3o. Ele informou ainda que o governo vai  encaminhar assinatura do acordo. O pr\u00f3ximo passo \u00e9 elaborar o texto do Projeto  de Lei que ser\u00e1 encaminhado ao Congresso Nacional, para tramita\u00e7\u00e3o e execu\u00e7\u00e3o em  2013.<\/p><\/blockquote>\n<p style=\"text-align: justify;\">Nesta reuni\u00e3o o governo anunciou a  abertura das negocia\u00e7\u00f5es com os t\u00e9cnicos administrativos, posi\u00e7\u00e3o defendida  pelo Proifes e APUB Sindicato desde o inicio das negocia\u00e7\u00f5es.<\/p>\n","protected":false},"excerpt":{"rendered":"<p>Durante cinco dias, participaram da consulta eletr\u00f4nica plebiscit\u00e1ria, realizada pelo Proifes Federa\u00e7\u00e3o, professores da base e de outras institui\u00e7\u00f5es, em um total de 43 unidades, entre universidades e institutos federais do pa\u00eds. Do total dos 5.222 votos, 74,0% aprovaram a proposta do governo, apresentada no \u00faltimo dia 24 de julho. Parados h\u00e1 65 dias, 77,2% [&hellip;]<\/p>\n","protected":false},"author":1,"featured_media":0,"comment_status":"closed","ping_status":"closed","sticky":false,"template":"","format":"standard","meta":{"footnotes":""},"categories":[146],"tags":[],"class_list":["post-7136","post","type-post","status-publish","format-standard","hentry","category-latest-news"],"_links":{"self":[{"href":"https:\/\/apub.org.br\/siteantigo\/wp-json\/wp\/v2\/posts\/7136","targetHints":{"allow":["GET"]}}],"collection":[{"href":"https:\/\/apub.org.br\/siteantigo\/wp-json\/wp\/v2\/posts"}],"about":[{"href":"https:\/\/apub.org.br\/siteantigo\/wp-json\/wp\/v2\/types\/post"}],"author":[{"embeddable":true,"href":"https:\/\/apub.org.br\/siteantigo\/wp-json\/wp\/v2\/users\/1"}],"replies":[{"embeddable":true,"href":"https:\/\/apub.org.br\/siteantigo\/wp-json\/wp\/v2\/comments?post=7136"}],"version-history":[{"count":0,"href":"https:\/\/apub.org.br\/siteantigo\/wp-json\/wp\/v2\/posts\/7136\/revisions"}],"wp:attachment":[{"href":"https:\/\/apub.org.br\/siteantigo\/wp-json\/wp\/v2\/media?parent=7136"}],"wp:term":[{"taxonomy":"category","embeddable":true,"href":"https:\/\/apub.org.br\/siteantigo\/wp-json\/wp\/v2\/categories?post=7136"},{"taxonomy":"post_tag","embeddable":true,"href":"https:\/\/apub.org.br\/siteantigo\/wp-json\/wp\/v2\/tags?post=7136"}],"curies":[{"name":"wp","href":"https:\/\/api.w.org\/{rel}","templated":true}]}}