{"id":7145,"date":"2012-08-02T16:55:28","date_gmt":"2012-08-02T16:55:28","guid":{"rendered":"http:\/\/apub.org.br\/?p=7145"},"modified":"2012-08-02T16:55:28","modified_gmt":"2012-08-02T16:55:28","slug":"esclarecimentos-da-diretoria-da-apub-sindicato","status":"publish","type":"post","link":"https:\/\/apub.org.br\/siteantigo\/esclarecimentos-da-diretoria-da-apub-sindicato\/","title":{"rendered":"Esclarecimentos da Diretoria da APUB Sindicato"},"content":{"rendered":"<p style=\"text-align: justify;\"><strong>Esclarecimentos da Diretoria da APUB Sindicato sobre a tentativa de convoca\u00e7\u00e3o de Assembl\u00e9ia Geral da APUB pelo Comando Local de Greve<\/strong><\/p>\n<p style=\"text-align: justify;\">Foi decidido, na Assembleia Geral da APUB do dia 25\/7\/2012, que seria convocada outra Assembleia Geral para o dia 02\/8\/2012, no Audit\u00f3rioo da Faculdade de Arquitetura da UFBA, com in\u00edcio previsto para \u00e0s 14:30h.<\/p>\n<p style=\"text-align: justify;\">A partir de 26\/6\/2012, durante a greve iniciada em 29\/5\/2012,\u00a0 as assembleias passaram a ser convocadas de comum acordo, entre a Diretoria da APUB e o CLG, para a discuss\u00e3o e delibera\u00e7\u00e3o exclusivamente sobre asuntos que dissessem respeito \u00e0 condu\u00e7\u00e3o da greve.<\/p>\n<p style=\"text-align: justify;\">No entanto, ap\u00f3s a Assembleia do dia 25\/7\/2012, em que o CLG chegou ao extremo de propor que a Mesa n\u00e3o inclu\u00edssse diretores da APUB, a Diretoria rompeu com ele, j\u00e1 que, de fato, passou a se constituir em um grupo que optou, publicamente, por seguir a orienta\u00e7\u00e3o de uma entidade com a qual a APUB n\u00e3o tem qualquer v\u00ednculo formal, a saber, a Andes Sindicato Nacional. Mediante o\u00a0 lan\u00e7amento de nota p\u00fablica, a Diretoria exp\u00f4s longamente aos asssociados, as raz\u00f5es para o rompimento com o\u00a0 comando.<\/p>\n<p style=\"text-align: justify;\">Portanto, a partir de agora, investida nas atribui\u00e7\u00f5es dadas por seu\u00a0 Estatuto,\u00a0 \u00e9 a Diretoria da APUB que vai convocar as Assembleias Gerais, a menos que seja utilizado o recurso estatut\u00e1rio que d\u00e1 direito \u00a0de 10% dos associados o fazerem, \u00a0desde que a rela\u00e7\u00e3o dos solicitantes seja entregue na secretaria da entidade, \u00a0mais de 48 horas antes do momento previsto para o in\u00edcio da pretendida assembleia.<\/p>\n<p style=\"text-align: justify;\">A Diretoria teve conhecimento, atrav\u00e9s de e-mail do CLG, difundido atrav\u00e9s da internet, na rede debates-l da UFBA, que ele estava convocando, publicamente, uma Assembleia Geral para o dia 02\/8\/2012, condicionada a que os associados preenchessem listas, colocadas \u00e0 disposi\u00e7\u00e3o dos receptores da lista, a fim de\u00a0 que fossem preenchidas.<\/p>\n<p style=\"text-align: justify;\">A Diretoria da APUB que, a partir do rompimento com o CLG, n\u00e3o mais convocar\u00e1\u00a0\u00a0 Assembleia conjuntamente com ele, aguardou a chegada das listas, as quais iria conferir, ficando reunida durante toda a tarde do dia 31\/7\/2012, na sede da entidade, n\u00e3o constando que a rela\u00e7\u00e3o dos 10% dos associados tivesse sido entregue \u00e0 Secretaria da entidade.<\/p>\n<p style=\"text-align: justify;\">Ouvido o Setor Jur\u00eddico da APUB, consideramos, portanto,\u00a0 que n\u00e3o haver\u00e1 assembleia formal da APUB no Audit\u00f3rio da Faculdade de Arquitetura, no dia 02\/08\/ 2012, e sim uma poss\u00edvel reuni\u00e3o entre associados e n\u00e3o associados, \u00e0 qual a Diretoria\u00a0 n\u00e3o comparecer\u00e1, nem asumir\u00e1 qualquer responsabilidade sobre a decis\u00f5es que porventura venha a tomar.<\/p>\n<p style=\"text-align: justify;\">Salvador, 02 de agosto de 2012<\/p>\n<p style=\"text-align: justify;\">Diretoria da APUB<\/p>\n","protected":false},"excerpt":{"rendered":"<p>Esclarecimentos da Diretoria da APUB Sindicato sobre a tentativa de convoca\u00e7\u00e3o de Assembl\u00e9ia Geral da APUB pelo Comando Local de Greve Foi decidido, na Assembleia Geral da APUB do dia 25\/7\/2012, que seria convocada outra Assembleia Geral para o dia 02\/8\/2012, no Audit\u00f3rioo da Faculdade de Arquitetura da UFBA, com in\u00edcio previsto para \u00e0s 14:30h. [&hellip;]<\/p>\n","protected":false},"author":1,"featured_media":0,"comment_status":"closed","ping_status":"closed","sticky":false,"template":"","format":"standard","meta":{"footnotes":""},"categories":[146],"tags":[],"class_list":["post-7145","post","type-post","status-publish","format-standard","hentry","category-latest-news"],"_links":{"self":[{"href":"https:\/\/apub.org.br\/siteantigo\/wp-json\/wp\/v2\/posts\/7145","targetHints":{"allow":["GET"]}}],"collection":[{"href":"https:\/\/apub.org.br\/siteantigo\/wp-json\/wp\/v2\/posts"}],"about":[{"href":"https:\/\/apub.org.br\/siteantigo\/wp-json\/wp\/v2\/types\/post"}],"author":[{"embeddable":true,"href":"https:\/\/apub.org.br\/siteantigo\/wp-json\/wp\/v2\/users\/1"}],"replies":[{"embeddable":true,"href":"https:\/\/apub.org.br\/siteantigo\/wp-json\/wp\/v2\/comments?post=7145"}],"version-history":[{"count":0,"href":"https:\/\/apub.org.br\/siteantigo\/wp-json\/wp\/v2\/posts\/7145\/revisions"}],"wp:attachment":[{"href":"https:\/\/apub.org.br\/siteantigo\/wp-json\/wp\/v2\/media?parent=7145"}],"wp:term":[{"taxonomy":"category","embeddable":true,"href":"https:\/\/apub.org.br\/siteantigo\/wp-json\/wp\/v2\/categories?post=7145"},{"taxonomy":"post_tag","embeddable":true,"href":"https:\/\/apub.org.br\/siteantigo\/wp-json\/wp\/v2\/tags?post=7145"}],"curies":[{"name":"wp","href":"https:\/\/api.w.org\/{rel}","templated":true}]}}