{"id":7148,"date":"2012-08-03T12:29:06","date_gmt":"2012-08-03T12:29:06","guid":{"rendered":"http:\/\/apub.org.br\/?p=7148"},"modified":"2012-08-03T12:29:06","modified_gmt":"2012-08-03T12:29:06","slug":"nota-de-falecimento-10","status":"publish","type":"post","link":"https:\/\/apub.org.br\/siteantigo\/nota-de-falecimento-10\/","title":{"rendered":"Nota de falecimento"},"content":{"rendered":"<p style=\"text-align: justify;\">A Apub Sindicato e o PROIFES tem a dolorosa tarefa de comunicar o falecimento, durante a madrugada de hoje (03), do vice-presidente do PROIFES-Federa\u00e7\u00e3o, professor Fernando Ant\u00f4nio Sampaio de Amorim, tamb\u00e9m presidente do PROIFES-Sindicato.<\/p>\n<p style=\"text-align: justify;\"><a rel=\"attachment wp-att-4174\" href=\"http:\/\/apub.org.br\/?attachment_id=4174\"><img fetchpriority=\"high\" decoding=\"async\" class=\"alignright\" title=\"PROIFES - Vice-presidente\" src=\"http:\/\/proifes.org.br\/wp-content\/uploads\/2012\/08\/PROIFES-Vice-presidente-300x200.jpg\" alt=\"\" width=\"300\" height=\"200\" \/><\/a>Fernando Amorim era fundador do PROIFES, professor associado da Universidade Federal do Rio de Janeiro e hist\u00f3rico militante do movimento docente. \u00a0As diretorias da Apub Sindicato e do PROIFES-Federa\u00e7\u00e3o expressam suas mais dolorosas condol\u00eancias \u00e0 fam\u00edlia e informa que os atos f\u00fanebres ser\u00e3o realizados na cidade do Rio de Janeiro a partir das 12h.<\/p>\n<p style=\"text-align: justify;\">O falecimento do professor e amigo Fernando \u00e9 uma perda irrepar\u00e1vel para o PROIFES e para o movimento docente nacional.<\/p>\n","protected":false},"excerpt":{"rendered":"<p>A Apub Sindicato e o PROIFES tem a dolorosa tarefa de comunicar o falecimento, durante a madrugada de hoje (03), do vice-presidente do PROIFES-Federa\u00e7\u00e3o, professor Fernando Ant\u00f4nio Sampaio de Amorim, tamb\u00e9m presidente do PROIFES-Sindicato. Fernando Amorim era fundador do PROIFES, professor associado da Universidade Federal do Rio de Janeiro e hist\u00f3rico militante do movimento docente. [&hellip;]<\/p>\n","protected":false},"author":1,"featured_media":0,"comment_status":"closed","ping_status":"closed","sticky":false,"template":"","format":"standard","meta":{"footnotes":""},"categories":[146],"tags":[],"class_list":["post-7148","post","type-post","status-publish","format-standard","hentry","category-latest-news"],"_links":{"self":[{"href":"https:\/\/apub.org.br\/siteantigo\/wp-json\/wp\/v2\/posts\/7148","targetHints":{"allow":["GET"]}}],"collection":[{"href":"https:\/\/apub.org.br\/siteantigo\/wp-json\/wp\/v2\/posts"}],"about":[{"href":"https:\/\/apub.org.br\/siteantigo\/wp-json\/wp\/v2\/types\/post"}],"author":[{"embeddable":true,"href":"https:\/\/apub.org.br\/siteantigo\/wp-json\/wp\/v2\/users\/1"}],"replies":[{"embeddable":true,"href":"https:\/\/apub.org.br\/siteantigo\/wp-json\/wp\/v2\/comments?post=7148"}],"version-history":[{"count":0,"href":"https:\/\/apub.org.br\/siteantigo\/wp-json\/wp\/v2\/posts\/7148\/revisions"}],"wp:attachment":[{"href":"https:\/\/apub.org.br\/siteantigo\/wp-json\/wp\/v2\/media?parent=7148"}],"wp:term":[{"taxonomy":"category","embeddable":true,"href":"https:\/\/apub.org.br\/siteantigo\/wp-json\/wp\/v2\/categories?post=7148"},{"taxonomy":"post_tag","embeddable":true,"href":"https:\/\/apub.org.br\/siteantigo\/wp-json\/wp\/v2\/tags?post=7148"}],"curies":[{"name":"wp","href":"https:\/\/api.w.org\/{rel}","templated":true}]}}