{"id":7162,"date":"2012-08-06T12:56:13","date_gmt":"2012-08-06T12:56:13","guid":{"rendered":"http:\/\/apub.org.br\/?p=7162"},"modified":"2012-08-06T12:56:13","modified_gmt":"2012-08-06T12:56:13","slug":"assembleia-geral-amanha-07-de-agosto-terca-feira","status":"publish","type":"post","link":"https:\/\/apub.org.br\/siteantigo\/assembleia-geral-amanha-07-de-agosto-terca-feira\/","title":{"rendered":"Assembleia Geral amanh\u00e3, 07 de agosto, ter\u00e7a-feira"},"content":{"rendered":"<h2 style=\"text-align: justify;\"><a href=\"http:\/\/apub.org.br\/wp-content\/uploads\/2012\/08\/Assembleia-do-comando-de-greve-em-7-de-agosto.jpg\"><img fetchpriority=\"high\" decoding=\"async\" class=\"alignnone size-full wp-image-7173\" title=\"Assembleia do comando de greve em 7 de agosto\" src=\"http:\/\/apub.org.br\/wp-content\/uploads\/2012\/08\/Assembleia-do-comando-de-greve-em-7-de-agosto.jpg\" alt=\"\" width=\"571\" height=\"790\" \/><\/a><\/h2>\n<hr \/>\n<p style=\"text-align: justify;\">O Apub Sindicato dos Professores das Institui\u00e7\u00f5es Federais de Ensino Superior da Bahia, inscrito no CNPJ 12361280\/0001-42, por sua diretoria legalmente constitu\u00edda, convoca a todos(as) os(as) docentes da UFBA, UFRB e IFBA filiados(as) ao Sindicato \u00a0para a Assembleia Geral, a ser realizada no dia<strong> 7 de agosto de 2012, ter\u00e7a-feira, \u00e0s 14h30<\/strong>, no Audit\u00f3rio I &#8211; Faculdade de Arquitetura da UFBA, Rua Caetano Moura 121 &#8211; Federa\u00e7\u00e3o, com a pauta \u00fanica: 1. Encerramento da greve.<\/p>\n","protected":false},"excerpt":{"rendered":"<p>O Apub Sindicato dos Professores das Institui\u00e7\u00f5es Federais de Ensino Superior da Bahia, inscrito no CNPJ 12361280\/0001-42, por sua diretoria legalmente constitu\u00edda, convoca a todos(as) os(as) docentes da UFBA, UFRB e IFBA filiados(as) ao Sindicato \u00a0para a Assembleia Geral, a ser realizada no dia 7 de agosto de 2012, ter\u00e7a-feira, \u00e0s 14h30, no Audit\u00f3rio I [&hellip;]<\/p>\n","protected":false},"author":1,"featured_media":0,"comment_status":"closed","ping_status":"closed","sticky":false,"template":"","format":"standard","meta":{"footnotes":""},"categories":[146],"tags":[],"class_list":["post-7162","post","type-post","status-publish","format-standard","hentry","category-latest-news"],"_links":{"self":[{"href":"https:\/\/apub.org.br\/siteantigo\/wp-json\/wp\/v2\/posts\/7162","targetHints":{"allow":["GET"]}}],"collection":[{"href":"https:\/\/apub.org.br\/siteantigo\/wp-json\/wp\/v2\/posts"}],"about":[{"href":"https:\/\/apub.org.br\/siteantigo\/wp-json\/wp\/v2\/types\/post"}],"author":[{"embeddable":true,"href":"https:\/\/apub.org.br\/siteantigo\/wp-json\/wp\/v2\/users\/1"}],"replies":[{"embeddable":true,"href":"https:\/\/apub.org.br\/siteantigo\/wp-json\/wp\/v2\/comments?post=7162"}],"version-history":[{"count":0,"href":"https:\/\/apub.org.br\/siteantigo\/wp-json\/wp\/v2\/posts\/7162\/revisions"}],"wp:attachment":[{"href":"https:\/\/apub.org.br\/siteantigo\/wp-json\/wp\/v2\/media?parent=7162"}],"wp:term":[{"taxonomy":"category","embeddable":true,"href":"https:\/\/apub.org.br\/siteantigo\/wp-json\/wp\/v2\/categories?post=7162"},{"taxonomy":"post_tag","embeddable":true,"href":"https:\/\/apub.org.br\/siteantigo\/wp-json\/wp\/v2\/tags?post=7162"}],"curies":[{"name":"wp","href":"https:\/\/api.w.org\/{rel}","templated":true}]}}