{"id":7177,"date":"2012-08-06T10:07:28","date_gmt":"2012-08-06T10:07:28","guid":{"rendered":"http:\/\/apub.org.br\/?p=7177"},"modified":"2012-08-06T10:07:28","modified_gmt":"2012-08-06T10:07:28","slug":"assinado-termo-de-acordo-entre-proifes-e-governo","status":"publish","type":"post","link":"https:\/\/apub.org.br\/siteantigo\/assinado-termo-de-acordo-entre-proifes-e-governo\/","title":{"rendered":"Assinado Termo de Acordo entre PROIFES e Governo"},"content":{"rendered":"<p style=\"text-align: justify;\"><a rel=\"attachment wp-att-4184\" href=\"http:\/\/apub.org.br\/?attachment_id=4184\"><img fetchpriority=\"high\" decoding=\"async\" class=\"alignright\" title=\"Assinatura\" src=\"http:\/\/proifes.org.br\/wp-content\/uploads\/2012\/08\/Assinatura-300x200.jpg\" alt=\"\" width=\"300\" height=\"200\" \/><\/a>Na tarde desta sexta feira, 3 de agosto de 2012, \u00e0s 16h, ap\u00f3s dois dias de negocia\u00e7\u00e3o, foi finalmente assinado Termo de Acordo entre o PROIFES e o Governo reestruturando as Carreiras do Magist\u00e9rio Superior (MS) e do Ensino B\u00e1sico, T\u00e9cnico e Tecnol\u00f3gico (EBTT), reajustando sal\u00e1rios para implanta\u00e7\u00e3o em tr\u00eas parcelas \u2013 mar\u00e7o de 2013, mar\u00e7o de 2014 e mar\u00e7o de 2015 \u2013 e constituindo Grupo de Trabalho para tratar de quest\u00f5es pendentes, inclusive as relativas ao acompanhamento do plano de expans\u00e3o das universidades e institutos federais.<\/p>\n<div id=\"corpo\" style=\"text-align: justify;\">\n<p><strong>Reestrutura\u00e7\u00e3o das Carreiras e expans\u00e3o das IFES com qualidade<\/strong><\/p>\n<p>A reestrutura\u00e7\u00e3o de Carreiras contemplou diversas reivindica\u00e7\u00f5es dos professores, tendo o Governo recuado em v\u00e1rias modifica\u00e7\u00f5es que inicialmente pretendia fazer e que seriam prejudiciais aos docentes e, tamb\u00e9m, invasivas em rela\u00e7\u00e3o \u00e0 autonomia universit\u00e1ria.<\/p>\n<p>A classe de titular poder\u00e1 doravante ser alcan\u00e7ada por m\u00e9rito, internamente \u00e0 carreira, sem que o professor seja obrigado a fazer concurso p\u00fablico, o que at\u00e9 hoje acarretava preju\u00edzos de v\u00e1rias ordens \u2013 fazer novo est\u00e1gio probat\u00f3rio, deixar de receber adicional de perman\u00eancia e ser impedido de se aposentar antes de cinco anos com paridade e integralidade, dentre outros. Ao mesmo tempo, foi mantido um cargo \u2018externo\u2019, tanto na carreira de MS quanto na de EBTT, denominado de \u2018titular-livre\u2019, com id\u00eantica remunera\u00e7\u00e3o ao titular e acesso por concurso p\u00fablico, o que \u00e9 muito importante para que docentes altamente qualificados possam dessa forma ingressar na rede de Universidades e Institutos Federais. Foi eliminada a imposi\u00e7\u00e3o burocr\u00e1tica de percentuais de acesso ao titular \u2018interno\u2019, que ser\u00e1 substitu\u00edda por exig\u00eancias de natureza acad\u00eamica, de forma a garantir a excel\u00eancia acad\u00eamica daqueles que alcancem essa classe.<\/p>\n<p style=\"text-align: justify;\">As atuais regras de acesso \u00e0s diversas classes, que s\u00e3o diferentes em ambas as carreiras, ser\u00e3o mantidas como hoje s\u00e3o. Isso s\u00f3 \u00e9 poss\u00edvel porque a proposta do PROIFES de se ter duas carreiras foi aceita. Essas carreiras ser\u00e3o integralmente ison\u00f4micas, do ponto de vista remunerat\u00f3rio e estrutural, como conquistado pela entidade em 2008, mas poder\u00e3o ter formas de desenvolvimento diferentes, respeitados os atuais perfis e especificidades existentes. <a href=\"http:\/\/proifes.org.br\/assinado-termo-de-acordo-entre-o-proifes-e-o-governo\/\">Leia mais&#8230;<\/a><\/p>\n<\/div>\n","protected":false},"excerpt":{"rendered":"<p>Na tarde desta sexta feira, 3 de agosto de 2012, \u00e0s 16h, ap\u00f3s dois dias de negocia\u00e7\u00e3o, foi finalmente assinado Termo de Acordo entre o PROIFES e o Governo reestruturando as Carreiras do Magist\u00e9rio Superior (MS) e do Ensino B\u00e1sico, T\u00e9cnico e Tecnol\u00f3gico (EBTT), reajustando sal\u00e1rios para implanta\u00e7\u00e3o em tr\u00eas parcelas \u2013 mar\u00e7o de 2013, [&hellip;]<\/p>\n","protected":false},"author":1,"featured_media":0,"comment_status":"closed","ping_status":"closed","sticky":false,"template":"","format":"standard","meta":{"footnotes":""},"categories":[146],"tags":[],"class_list":["post-7177","post","type-post","status-publish","format-standard","hentry","category-latest-news"],"_links":{"self":[{"href":"https:\/\/apub.org.br\/siteantigo\/wp-json\/wp\/v2\/posts\/7177","targetHints":{"allow":["GET"]}}],"collection":[{"href":"https:\/\/apub.org.br\/siteantigo\/wp-json\/wp\/v2\/posts"}],"about":[{"href":"https:\/\/apub.org.br\/siteantigo\/wp-json\/wp\/v2\/types\/post"}],"author":[{"embeddable":true,"href":"https:\/\/apub.org.br\/siteantigo\/wp-json\/wp\/v2\/users\/1"}],"replies":[{"embeddable":true,"href":"https:\/\/apub.org.br\/siteantigo\/wp-json\/wp\/v2\/comments?post=7177"}],"version-history":[{"count":0,"href":"https:\/\/apub.org.br\/siteantigo\/wp-json\/wp\/v2\/posts\/7177\/revisions"}],"wp:attachment":[{"href":"https:\/\/apub.org.br\/siteantigo\/wp-json\/wp\/v2\/media?parent=7177"}],"wp:term":[{"taxonomy":"category","embeddable":true,"href":"https:\/\/apub.org.br\/siteantigo\/wp-json\/wp\/v2\/categories?post=7177"},{"taxonomy":"post_tag","embeddable":true,"href":"https:\/\/apub.org.br\/siteantigo\/wp-json\/wp\/v2\/tags?post=7177"}],"curies":[{"name":"wp","href":"https:\/\/api.w.org\/{rel}","templated":true}]}}