{"id":7184,"date":"2012-08-07T09:58:03","date_gmt":"2012-08-07T09:58:03","guid":{"rendered":"http:\/\/apub.org.br\/?p=7184"},"modified":"2012-08-07T09:58:03","modified_gmt":"2012-08-07T09:58:03","slug":"assembleia-da-adufrgs-sindical-aprova-o-fim-da-greve","status":"publish","type":"post","link":"https:\/\/apub.org.br\/siteantigo\/assembleia-da-adufrgs-sindical-aprova-o-fim-da-greve\/","title":{"rendered":"Assembleia da ADUFRGS-Sindical aprova o fim da greve"},"content":{"rendered":"<p style=\"text-align: justify;\">Com 266 votos a favor e 221 contra, professores das Institui\u00e7\u00f5es Federais de Ensino Superior de Porto Alegre decidiram hoje, reunidos em assembleia, sair da greve iniciada em 13 de julho. Foram contabilizados dois votos nulos, quatro absten\u00e7\u00f5es e nenhum branco. Com a participa\u00e7\u00e3o de 493 docentes, esta foi a maior assembleia desde a greve de 1984.<\/p>\n<div id=\"corpo\" style=\"text-align: justify;\">\n<p>O resultado da assembleia refletiu a vontade de 80% dos 1.367 professores que participaram da consulta eletr\u00f4nica organizada pela ADUFRGS-Sindical, entre os dias 27 de julho e 1\u00ba de agosto, que aprovou a assinatura do acordo com o governo e a sa\u00edda da greve.<\/p>\n<div style=\"text-align: justify;\">Acesse\u00a0<a href=\"http:\/\/www.adufrgs.org.br\/Biblioteca%20de%20Documentos\/Campanha%20Salarial\/Negocia%C3%A7%C3%A3o%202012\/Acordo-assinado-com-Governo-03.08.2012-1.pdf\">aqui<\/a> o termo de acordo, assinado com o governo no dia 3 de agosto, e as tabelas salariais.<\/div>\n<\/div>\n","protected":false},"excerpt":{"rendered":"<p>Com 266 votos a favor e 221 contra, professores das Institui\u00e7\u00f5es Federais de Ensino Superior de Porto Alegre decidiram hoje, reunidos em assembleia, sair da greve iniciada em 13 de julho. Foram contabilizados dois votos nulos, quatro absten\u00e7\u00f5es e nenhum branco. Com a participa\u00e7\u00e3o de 493 docentes, esta foi a maior assembleia desde a greve [&hellip;]<\/p>\n","protected":false},"author":1,"featured_media":0,"comment_status":"closed","ping_status":"closed","sticky":false,"template":"","format":"standard","meta":{"footnotes":""},"categories":[146],"tags":[],"class_list":["post-7184","post","type-post","status-publish","format-standard","hentry","category-latest-news"],"_links":{"self":[{"href":"https:\/\/apub.org.br\/siteantigo\/wp-json\/wp\/v2\/posts\/7184","targetHints":{"allow":["GET"]}}],"collection":[{"href":"https:\/\/apub.org.br\/siteantigo\/wp-json\/wp\/v2\/posts"}],"about":[{"href":"https:\/\/apub.org.br\/siteantigo\/wp-json\/wp\/v2\/types\/post"}],"author":[{"embeddable":true,"href":"https:\/\/apub.org.br\/siteantigo\/wp-json\/wp\/v2\/users\/1"}],"replies":[{"embeddable":true,"href":"https:\/\/apub.org.br\/siteantigo\/wp-json\/wp\/v2\/comments?post=7184"}],"version-history":[{"count":0,"href":"https:\/\/apub.org.br\/siteantigo\/wp-json\/wp\/v2\/posts\/7184\/revisions"}],"wp:attachment":[{"href":"https:\/\/apub.org.br\/siteantigo\/wp-json\/wp\/v2\/media?parent=7184"}],"wp:term":[{"taxonomy":"category","embeddable":true,"href":"https:\/\/apub.org.br\/siteantigo\/wp-json\/wp\/v2\/categories?post=7184"},{"taxonomy":"post_tag","embeddable":true,"href":"https:\/\/apub.org.br\/siteantigo\/wp-json\/wp\/v2\/tags?post=7184"}],"curies":[{"name":"wp","href":"https:\/\/api.w.org\/{rel}","templated":true}]}}