{"id":7196,"date":"2012-08-08T14:19:03","date_gmt":"2012-08-08T14:19:03","guid":{"rendered":"http:\/\/apub.org.br\/?p=7196"},"modified":"2012-08-08T14:19:03","modified_gmt":"2012-08-08T14:19:03","slug":"todos-os-docentes-obterao-ganhos-salariais-reais-com-o-acordo-assinado","status":"publish","type":"post","link":"https:\/\/apub.org.br\/siteantigo\/todos-os-docentes-obterao-ganhos-salariais-reais-com-o-acordo-assinado\/","title":{"rendered":"Todos os docentes obter\u00e3o ganhos salariais reais com o acordo assinado"},"content":{"rendered":"<h2><em>Confira, nas tabelas abaixo, as remunera\u00e7\u00f5es previstas e os respectivos percentuais de reajuste.<\/em><\/h2>\n<div id=\"corpo\">\n<p>Nos dias 2 de agosto, \u00e0 tarde, e 3 de agosto, pela manh\u00e3, o PROIFES se reuniu com os representantes do Governo por diversas vezes.<\/p>\n<p>O posicionamento do PROIFES foi o de reivindicar as seguintes demandas, que n\u00e3o estavam satisfeitas nas tabelas de 2013 e 2014 inicialmente entregues pelo Governo, na manh\u00e3 do dia 2 de agosto:<\/p>\n<p><strong>a) <\/strong><strong>Em mar\/2013, sal\u00e1rio de todos os docentes superior ao atual em pelo menos <\/strong><strong>13%<\/strong><strong>;<\/strong><\/p>\n<p><strong>b) <\/strong><strong>Em mar\/2014, sal\u00e1rio de todos os docentes superior ao atual em pelo menos <\/strong><strong>19%<\/strong><strong>.<\/strong><\/p>\n<p><strong><a href=\"http:\/\/proifes.org.br\/todos-os-docentes-obterao-ganhos-salariais-reais-com-o-acordo-assinado\/\">Leia mais&#8230;<\/a><\/strong><\/p>\n<\/div>\n","protected":false},"excerpt":{"rendered":"<p>Confira, nas tabelas abaixo, as remunera\u00e7\u00f5es previstas e os respectivos percentuais de reajuste. Nos dias 2 de agosto, \u00e0 tarde, e 3 de agosto, pela manh\u00e3, o PROIFES se reuniu com os representantes do Governo por diversas vezes. O posicionamento do PROIFES foi o de reivindicar as seguintes demandas, que n\u00e3o estavam satisfeitas nas tabelas [&hellip;]<\/p>\n","protected":false},"author":1,"featured_media":0,"comment_status":"closed","ping_status":"closed","sticky":false,"template":"","format":"standard","meta":{"footnotes":""},"categories":[146],"tags":[],"class_list":["post-7196","post","type-post","status-publish","format-standard","hentry","category-latest-news"],"_links":{"self":[{"href":"https:\/\/apub.org.br\/siteantigo\/wp-json\/wp\/v2\/posts\/7196","targetHints":{"allow":["GET"]}}],"collection":[{"href":"https:\/\/apub.org.br\/siteantigo\/wp-json\/wp\/v2\/posts"}],"about":[{"href":"https:\/\/apub.org.br\/siteantigo\/wp-json\/wp\/v2\/types\/post"}],"author":[{"embeddable":true,"href":"https:\/\/apub.org.br\/siteantigo\/wp-json\/wp\/v2\/users\/1"}],"replies":[{"embeddable":true,"href":"https:\/\/apub.org.br\/siteantigo\/wp-json\/wp\/v2\/comments?post=7196"}],"version-history":[{"count":0,"href":"https:\/\/apub.org.br\/siteantigo\/wp-json\/wp\/v2\/posts\/7196\/revisions"}],"wp:attachment":[{"href":"https:\/\/apub.org.br\/siteantigo\/wp-json\/wp\/v2\/media?parent=7196"}],"wp:term":[{"taxonomy":"category","embeddable":true,"href":"https:\/\/apub.org.br\/siteantigo\/wp-json\/wp\/v2\/categories?post=7196"},{"taxonomy":"post_tag","embeddable":true,"href":"https:\/\/apub.org.br\/siteantigo\/wp-json\/wp\/v2\/tags?post=7196"}],"curies":[{"name":"wp","href":"https:\/\/api.w.org\/{rel}","templated":true}]}}