{"id":7199,"date":"2012-08-09T13:25:37","date_gmt":"2012-08-09T13:25:37","guid":{"rendered":"http:\/\/apub.org.br\/?p=7199"},"modified":"2012-08-09T13:25:37","modified_gmt":"2012-08-09T13:25:37","slug":"integracao-internacional-e-homenagem-marcaram-a-abertura-do-viii-encontro-nacional-do-proifes","status":"publish","type":"post","link":"https:\/\/apub.org.br\/siteantigo\/integracao-internacional-e-homenagem-marcaram-a-abertura-do-viii-encontro-nacional-do-proifes\/","title":{"rendered":"Integra\u00e7\u00e3o internacional e homenagem marcaram a abertura do VIII Encontro Nacional do PROIFES"},"content":{"rendered":"<p style=\"text-align: justify;\">Professores, representantes sindicais, autoridades e especialistas brasileiros em educa\u00e7\u00e3o do Brasil e da Am\u00e9rica Latina estiveram reunidos na noite desta ter\u00e7a-feira (07), em Bras\u00edlia, para a abertura do VIII Encontro Nacional do PROIFES-Federa\u00e7\u00e3o.<\/p>\n<div id=\"corpo\" style=\"text-align: justify;\">\n<p><a rel=\"attachment wp-att-4223\" href=\"http:\/\/proifes.org.br\/integracao-internacional-e-homenagem-marcaram-a-abertura-do-viii-encontro-nacional-do-proifes\/img_6626\/\"><img fetchpriority=\"high\" decoding=\"async\" class=\"alignright\" title=\"IMG_6626\" src=\"http:\/\/proifes.org.br\/wp-content\/uploads\/2012\/08\/IMG_6626-300x200.jpg\" alt=\"\" width=\"300\" height=\"200\" \/><\/a>O presidente do PROIFES-Federa\u00e7\u00e3o, Eduardo Rolim de Oliveira, destacou em sua fala de abertura que o evento tamb\u00e9m estaria marcado por uma grande tristeza, visto o falecimento do vice-presidente da entidade, o professor da Universidade Federal do Rio de Janeiro (UFRJ), Fernando Amorim. O VIII Encontro foi dedicado ao amigo, docente e sindicalista, tendo continuidade nas homenagens com apresenta\u00e7\u00e3o do professor Remi Castioni que falou das conquistas profissionais de Amorim ao longo de 32 anos de doc\u00eancia, dos quais boa parte esteve a servi\u00e7o do movimento sindical.<\/p>\n<p>A import\u00e2ncia da integra\u00e7\u00e3o internacional para fortalecer a luta dos trabalhadores da educa\u00e7\u00e3o foi ressaltada pelos representantes da Internacional de Educa\u00e7\u00e3o da Am\u00e9rica Latina, Hugo Yasky, presidente, e F\u00e1tima da Silva, vice-presidente regional da organiza\u00e7\u00e3o. F\u00e1tima da Silva falou da relev\u00e2ncia de ter o PROIFES como filiado e parceiro da IEAL no Brasil para a constru\u00e7\u00e3o do movimento sindical da educa\u00e7\u00e3o superior da Am\u00e9rica Latina.<\/p>\n<p>J\u00e1 o presidente Yasky, falou ser positiva a recente possibilidade de negocia\u00e7\u00e3o com governos democr\u00e1ticos, mas lembrou de outras realidades onde a educa\u00e7\u00e3o ainda \u00e9 considerada como mercadoria a qual poucos podem adquirir, a exemplo da luta dos jovens chilenos por uma educa\u00e7\u00e3o superior gratuita.<\/p>\n<p>Hugo Yasky ressaltou ainda o grande desafio e o papel fundamental que universidades e professores devem de ter na constru\u00e7\u00e3o e no caminho para a integra\u00e7\u00e3o. \u201cIsso n\u00e3o pode ser feito apenas por empres\u00e1rios, com fus\u00e3o de empresas latinas ou multinacionais. Buscar a uni\u00e3o dos pa\u00edses da Am\u00e9rica latina \u00e9 uma das estrat\u00e9gias para fortalecer as classes trabalhadoras em nosso continente\u201d, disse.<\/p>\n<p>Da parte sindical, Roberto Le\u00e3o, presidente do Conselho Nacional dos Trabalhadores em Educa\u00e7\u00e3o (CNTE) disse que o PROIFES conduziu de maneira respons\u00e1vel a negocia\u00e7\u00e3o com o governo como tem feito em todos os anos de sua exist\u00eancia. \u201cO PROIFES \u00e9 capaz de fazer esse debate e mostrar \u00e0 sociedade e ao governo as mudan\u00e7as no movimento sindical, seja com discuss\u00f5es, mobiliza\u00e7\u00e3o, negocia\u00e7\u00e3o e greve, quando necess\u00e1ria\u201d, ressaltou.<\/p>\n<p>Para Vagner Gomes, presidente da Central dos Trabalhadores e Trabalhadoras do Brasil (CTB), as assembleias devem ser politizadas e as disputas politicamente, mas devem ser principalmente de ideias. \u201cN\u00e3o \u00e9 o prazo de uma greve que determina a vit\u00f3ria de um movimento. A disputa deve estar pautada na forma\u00e7\u00e3o de opini\u00e3o para fortalecer as categorias, ainda mais quando se trata de professores universit\u00e1rios federais\u201d.<\/p>\n<p>J\u00e1 a Vice-presidente mundial da Internacional de Educa\u00e7\u00e3o, Jussara Vieira Dutra, acentuou a import\u00e2ncia de no Brasil e na Am\u00e9ricaLatina tornar seus estados e na\u00e7\u00f5es em imensas esferas p\u00fablicas, para que se tenha autonomia de dizer se as pol\u00edticas est\u00e3o atendendo as necessidades e caso contr\u00e1rio, norte\u00e1-las.<\/p>\n<p>Em sua fala de encerramento, Eduardo Rolim ressaltou a import\u00e2ncia da presen\u00e7a no evento das centrais sindicais porque entende que a luta dos trabalhadores do servi\u00e7o p\u00fablico \u00e9 uma luta conjunta, seja na quest\u00e3o previdenci\u00e1ria, do aumento do sal\u00e1rio m\u00ednimo, na recupera\u00e7\u00e3o das perdas inflacion\u00e1rias e na desconcentra\u00e7\u00e3o de renda.<\/p>\n<p style=\"text-align: justify;\">De acordo com Rolim, a entrada do PROIFES na Internacional da Educa\u00e7\u00e3o foi sugerida pela dire\u00e7\u00e3o como um dos fatores estrat\u00e9gicos, porque os debates com especialistas de outros pa\u00edses da Am\u00e9rica Latina possibilita compartilhar as experi\u00eancias, os avan\u00e7os e as compet\u00eancias para que o conhecimento adquirido possa ser utilizado em a\u00e7\u00f5es que melhore e valorize a \u00e1rea da educa\u00e7\u00e3o.<\/p>\n<\/div>\n","protected":false},"excerpt":{"rendered":"<p>Professores, representantes sindicais, autoridades e especialistas brasileiros em educa\u00e7\u00e3o do Brasil e da Am\u00e9rica Latina estiveram reunidos na noite desta ter\u00e7a-feira (07), em Bras\u00edlia, para a abertura do VIII Encontro Nacional do PROIFES-Federa\u00e7\u00e3o. O presidente do PROIFES-Federa\u00e7\u00e3o, Eduardo Rolim de Oliveira, destacou em sua fala de abertura que o evento tamb\u00e9m estaria marcado por uma [&hellip;]<\/p>\n","protected":false},"author":1,"featured_media":0,"comment_status":"closed","ping_status":"closed","sticky":false,"template":"","format":"standard","meta":{"footnotes":""},"categories":[146],"tags":[],"class_list":["post-7199","post","type-post","status-publish","format-standard","hentry","category-latest-news"],"_links":{"self":[{"href":"https:\/\/apub.org.br\/siteantigo\/wp-json\/wp\/v2\/posts\/7199","targetHints":{"allow":["GET"]}}],"collection":[{"href":"https:\/\/apub.org.br\/siteantigo\/wp-json\/wp\/v2\/posts"}],"about":[{"href":"https:\/\/apub.org.br\/siteantigo\/wp-json\/wp\/v2\/types\/post"}],"author":[{"embeddable":true,"href":"https:\/\/apub.org.br\/siteantigo\/wp-json\/wp\/v2\/users\/1"}],"replies":[{"embeddable":true,"href":"https:\/\/apub.org.br\/siteantigo\/wp-json\/wp\/v2\/comments?post=7199"}],"version-history":[{"count":0,"href":"https:\/\/apub.org.br\/siteantigo\/wp-json\/wp\/v2\/posts\/7199\/revisions"}],"wp:attachment":[{"href":"https:\/\/apub.org.br\/siteantigo\/wp-json\/wp\/v2\/media?parent=7199"}],"wp:term":[{"taxonomy":"category","embeddable":true,"href":"https:\/\/apub.org.br\/siteantigo\/wp-json\/wp\/v2\/categories?post=7199"},{"taxonomy":"post_tag","embeddable":true,"href":"https:\/\/apub.org.br\/siteantigo\/wp-json\/wp\/v2\/tags?post=7199"}],"curies":[{"name":"wp","href":"https:\/\/api.w.org\/{rel}","templated":true}]}}