{"id":7207,"date":"2012-08-09T13:28:27","date_gmt":"2012-08-09T13:28:27","guid":{"rendered":"http:\/\/apub.org.br\/?p=7207"},"modified":"2012-08-09T13:28:27","modified_gmt":"2012-08-09T13:28:27","slug":"professores-debatem-carreira-docente-e-campanha-salarial","status":"publish","type":"post","link":"https:\/\/apub.org.br\/siteantigo\/professores-debatem-carreira-docente-e-campanha-salarial\/","title":{"rendered":"Professores debatem carreira docente e campanha salarial"},"content":{"rendered":"<div id=\"data\" style=\"text-align: justify;\"><a rel=\"attachment wp-att-4253\" href=\"http:\/\/apub.org.br\/?attachment_id=4253\"><br \/>\n<img fetchpriority=\"high\" decoding=\"async\" class=\"alignright\" title=\"Eduardo\" src=\"http:\/\/proifes.org.br\/wp-content\/uploads\/2012\/08\/Eduardo-300x200.jpg\" alt=\"\" width=\"300\" height=\"200\" \/><\/a>Na tarde de hoje, o VIII Encontro Nacional realizado em Bras\u00edlia teve como temas a carreira docente e a campanha salarial. Na ocasi\u00e3o, o presidente do PROIFES, Eduardo Rolim, contextualizou todo o processo negocial e falou dos\u00a0<a href=\"http:\/\/proifes.org.br\/artigo-porque-o-proifes-federacao-decidiu-assinar-o-acordo-com-o-governo-2\/\">motivos<\/a> que levaram a entidade a assinar o acordo. \u00a0Rolim afirmou que ap\u00f3s receber a primeira proposta do governo, o Conselho Deliberativo se debru\u00e7ou sobre o documento e verificou que, como estava, n\u00e3o era poss\u00edvel avan\u00e7ar. Entretanto, apresentou para an\u00e1lise do Minist\u00e9rio do Planejamento\u00a0<a href=\"http:\/\/proifes.org.br\/relato-proposta-definitiva-do-governo-atende-os-15-pontos-apresentados-pelo-proifes\/\">15 pontos<\/a> conflitantes e discordantes. Com os pontos revistos, a Federa\u00e7\u00e3o questionou \u00e0s bases e realizou consulta eletr\u00f4nica nacional. Segundo Eduardo Rolim, n\u00e3o se negociam princ\u00edpios, por\u00e9m \u00e9 importante que os negociadores sejam capazes de compreender a correla\u00e7\u00e3o de for\u00e7as, a conjuntura pol\u00edtica, econ\u00f4mica e social do momento onde os que apostam na solu\u00e7\u00e3o dos conflitos. \u201cUm acordo n\u00e3o reflete necessariamente a posi\u00e7\u00e3o inicial de nenhuma das partes, mas sim um avan\u00e7o e recuo de posi\u00e7\u00f5es onde ambas estrategicamente t\u00eam que ceder sob pena de impasse insol\u00favel\u201d.\u00a0O matem\u00e1tico e diretor do PROIFES, Gil Vicente, explicou detalhadamente a proposta apresentando, entre outros pontos, os c\u00e1lculos utilizados para o reajuste concedido, que elevaos sal\u00e1rios dos professores, em m\u00e9dia, para cerca de 6% acima do sal\u00e1rio de julho de 2010. \u201cN\u00e3o \u00e9 a proposta que quer\u00edamos originalmente, mas \u00e9 um ganho que n\u00e3o pode ser desconsiderado ou descartado\u201d. J\u00e1 Nilton Brand\u00e3o, diretor do PROIFES que participou ativamente das negocia\u00e7\u00f5es, lembrou que a entidade deixou claro para o Governo que n\u00e3o discutiria acordos ou progressos na carreira do Magist\u00e9rio Superior se os mesmos n\u00e3o contemplassem a do Ensino B\u00e1sico, T\u00e9cnico e Tecnol\u00f3gico (EBTT). O posicionamento do PROIFES foi uma demanda apresentada pelos professores da categoria no \u00faltimo Encontro Nacional e tornou compromisso da Federa\u00e7\u00e3o. O ent\u00e3o secret\u00e1rio de Rela\u00e7\u00f5es de Trabalho do Minist\u00e9rio do Planejamento, Duvanier Paiva, cedeu ao pedido e passou a considerar ambas as carreiras na mesa de negocia\u00e7\u00e3o. Brand\u00e3o tamb\u00e9m ressaltou o desastre aos docentes de EBTT se o governo implementar a carreira \u00fanica.<strong>Artigos<\/strong> Professores que escreveram artigos ligados \u00e0 tem\u00e1tica apresentaram e defenderam seus pontos no Encontro. A professora Ana Paula Ravazzolo falou sobre Carreira docente e Pesquisa; enquanto Claudio Scherer de Negocia\u00e7\u00f5es futuras sobre carreiras e sal\u00e1rios. As Estimativas de Infla\u00e7\u00e3o para uma negocia\u00e7\u00e3o de pol\u00edtica salarial teve a explana\u00e7\u00e3o de Aray Miguel e o tema Magist\u00e9rio Federal Superior e EBTT: Ser ou n\u00e3o ser uma carreira de Estado teve como palestrante a professora Elizabeth Bittencourt.<\/div>\n","protected":false},"excerpt":{"rendered":"<p>Na tarde de hoje, o VIII Encontro Nacional realizado em Bras\u00edlia teve como temas a carreira docente e a campanha salarial. Na ocasi\u00e3o, o presidente do PROIFES, Eduardo Rolim, contextualizou todo o processo negocial e falou dos\u00a0motivos que levaram a entidade a assinar o acordo. \u00a0Rolim afirmou que ap\u00f3s receber a primeira proposta do governo, [&hellip;]<\/p>\n","protected":false},"author":1,"featured_media":0,"comment_status":"closed","ping_status":"closed","sticky":false,"template":"","format":"standard","meta":{"footnotes":""},"categories":[146],"tags":[],"class_list":["post-7207","post","type-post","status-publish","format-standard","hentry","category-latest-news"],"_links":{"self":[{"href":"https:\/\/apub.org.br\/siteantigo\/wp-json\/wp\/v2\/posts\/7207","targetHints":{"allow":["GET"]}}],"collection":[{"href":"https:\/\/apub.org.br\/siteantigo\/wp-json\/wp\/v2\/posts"}],"about":[{"href":"https:\/\/apub.org.br\/siteantigo\/wp-json\/wp\/v2\/types\/post"}],"author":[{"embeddable":true,"href":"https:\/\/apub.org.br\/siteantigo\/wp-json\/wp\/v2\/users\/1"}],"replies":[{"embeddable":true,"href":"https:\/\/apub.org.br\/siteantigo\/wp-json\/wp\/v2\/comments?post=7207"}],"version-history":[{"count":0,"href":"https:\/\/apub.org.br\/siteantigo\/wp-json\/wp\/v2\/posts\/7207\/revisions"}],"wp:attachment":[{"href":"https:\/\/apub.org.br\/siteantigo\/wp-json\/wp\/v2\/media?parent=7207"}],"wp:term":[{"taxonomy":"category","embeddable":true,"href":"https:\/\/apub.org.br\/siteantigo\/wp-json\/wp\/v2\/categories?post=7207"},{"taxonomy":"post_tag","embeddable":true,"href":"https:\/\/apub.org.br\/siteantigo\/wp-json\/wp\/v2\/tags?post=7207"}],"curies":[{"name":"wp","href":"https:\/\/api.w.org\/{rel}","templated":true}]}}