{"id":7221,"date":"2012-08-09T17:07:42","date_gmt":"2012-08-09T17:07:42","guid":{"rendered":"http:\/\/apub.org.br\/?p=7221"},"modified":"2012-08-09T17:07:42","modified_gmt":"2012-08-09T17:07:42","slug":"professores-da-ufc-e-da-unilab-aprovam-realizacao-de-plebiscito","status":"publish","type":"post","link":"https:\/\/apub.org.br\/siteantigo\/professores-da-ufc-e-da-unilab-aprovam-realizacao-de-plebiscito\/","title":{"rendered":"Professores da UFC e da Unilab aprovam realiza\u00e7\u00e3o de plebiscito"},"content":{"rendered":"<p style=\"text-align: justify;\">Em Assembleia Geral realizada no Restaurante  Universit\u00e1rio do Campus do Pici com a presen\u00e7a de 623 professores dos campi da  Universidade Federal do Cear\u00e1 (UFC) e da Universidade da Integra\u00e7\u00e3o  Internacional da Lusofonia Afro-Brasileira (Unilab), foi definida a realiza\u00e7\u00e3o  de plebiscito sobre a aceita\u00e7\u00e3o ou n\u00e3o da proposta do Governo apresentada no 24  de julho e sobre a continuidade ou n\u00e3o da greve. Os professores dos campi do  Cariri e de Sobral participaram da Assembleia atrav\u00e9s de videoconfer\u00eancia  promovida pelo Instituto UFC Virtual.<br \/>\nA consulta plebiscit\u00e1ria ser\u00e1  realizada nos dias 13 e 14 de agosto (segunda e ter\u00e7a-feira), com urnas  dispon\u00edveis em todas as unidades acad\u00eamicas da UFC e da Unilab. No dia 16, uma  nova Assembleia Geral ser\u00e1 realizada para homologar o plebiscito.<br \/>\nPor 322  votos a favor contra 193, a proposta de pauta da diretoria da ADUFC-Sindicato  para a Assembleia Geral, aprovada na reuni\u00e3o do Comando de Greve da \u00faltima  quinta-feira (2), foi mantida. O ponto de pauta n\u00b0 2: \u201cDelibera\u00e7\u00e3o sobre  plebiscito para aprova\u00e7\u00e3o ou n\u00e3o da proposta salarial apresentada pelo governo\u201d  foi acrescentado por solicita\u00e7\u00e3o de 317 professores da Universidade Federal do  Cear\u00e1 atrav\u00e9s de abaixo-assinado no site Peti\u00e7\u00e3o P\u00fablica (<a href=\"http:\/\/www.peticaopublica.com.br\/PeticaoVer.aspx?pi=P2012N27472\">http:\/\/www.peticaopublica.com.br\/PeticaoVer.aspx?pi=P2012N27472<\/a>).  A Assembleia de hoje ratificou a posi\u00e7\u00e3o da Assembleia anterior de rejei\u00e7\u00e3o da  proposta do Governo.<br \/>\nA realiza\u00e7\u00e3o de plebiscito sobre continuidade ou n\u00e3o  da greve foi aprovada por 279 votos a favor e 201 votos contr\u00e1rios \u00e0 proposta e  8 absten\u00e7\u00f5es. A decis\u00e3o pelo plebiscito para votar a aprova\u00e7\u00e3o ou n\u00e3o da  proposta apresentada pelo Governo no dia 24 foi definida por ampla maioria.<\/p>\n","protected":false},"excerpt":{"rendered":"<p>Em Assembleia Geral realizada no Restaurante Universit\u00e1rio do Campus do Pici com a presen\u00e7a de 623 professores dos campi da Universidade Federal do Cear\u00e1 (UFC) e da Universidade da Integra\u00e7\u00e3o Internacional da Lusofonia Afro-Brasileira (Unilab), foi definida a realiza\u00e7\u00e3o de plebiscito sobre a aceita\u00e7\u00e3o ou n\u00e3o da proposta do Governo apresentada no 24 de julho [&hellip;]<\/p>\n","protected":false},"author":1,"featured_media":0,"comment_status":"closed","ping_status":"closed","sticky":false,"template":"","format":"standard","meta":{"footnotes":""},"categories":[146],"tags":[],"class_list":["post-7221","post","type-post","status-publish","format-standard","hentry","category-latest-news"],"_links":{"self":[{"href":"https:\/\/apub.org.br\/siteantigo\/wp-json\/wp\/v2\/posts\/7221","targetHints":{"allow":["GET"]}}],"collection":[{"href":"https:\/\/apub.org.br\/siteantigo\/wp-json\/wp\/v2\/posts"}],"about":[{"href":"https:\/\/apub.org.br\/siteantigo\/wp-json\/wp\/v2\/types\/post"}],"author":[{"embeddable":true,"href":"https:\/\/apub.org.br\/siteantigo\/wp-json\/wp\/v2\/users\/1"}],"replies":[{"embeddable":true,"href":"https:\/\/apub.org.br\/siteantigo\/wp-json\/wp\/v2\/comments?post=7221"}],"version-history":[{"count":0,"href":"https:\/\/apub.org.br\/siteantigo\/wp-json\/wp\/v2\/posts\/7221\/revisions"}],"wp:attachment":[{"href":"https:\/\/apub.org.br\/siteantigo\/wp-json\/wp\/v2\/media?parent=7221"}],"wp:term":[{"taxonomy":"category","embeddable":true,"href":"https:\/\/apub.org.br\/siteantigo\/wp-json\/wp\/v2\/categories?post=7221"},{"taxonomy":"post_tag","embeddable":true,"href":"https:\/\/apub.org.br\/siteantigo\/wp-json\/wp\/v2\/tags?post=7221"}],"curies":[{"name":"wp","href":"https:\/\/api.w.org\/{rel}","templated":true}]}}