{"id":7229,"date":"2012-08-10T12:17:58","date_gmt":"2012-08-10T12:17:58","guid":{"rendered":"http:\/\/apub.org.br\/?p=7229"},"modified":"2012-08-10T12:17:58","modified_gmt":"2012-08-10T12:17:58","slug":"governo-federal-reitera-que-negociacao-com-os-professores-acabou","status":"publish","type":"post","link":"https:\/\/apub.org.br\/siteantigo\/governo-federal-reitera-que-negociacao-com-os-professores-acabou\/","title":{"rendered":"Governo federal reitera que negocia\u00e7\u00e3o com os professores acabou"},"content":{"rendered":"<div><strong>Educa\u00e7\u00e3o superior<\/strong><\/div>\n<div>\n<p>O Minist\u00e9rio da Educa\u00e7\u00e3o reafirmou no in\u00edcio da tarde desta quinta-feira, 9, por meio de circular enviada aos reitores das universidades e institutos federais, que as negocia\u00e7\u00f5es com os docentes est\u00e1 encerrada. E que n\u00e3o h\u00e1 qualquer possibilidade de reabertura.<\/p>\n<\/div>\n<div>At\u00e9 o final de agosto, o Minist\u00e9rio do Planejamento vai enviar ao Congresso Nacional, na Lei de Diretrizes Or\u00e7ament\u00e1rias (LDO), a proposta de carreira dos professores das universidades e institutos federais, j\u00e1 apresentada \u00e0s entidades representativas dos docentes. Essa proposta, que prev\u00ea reajustes de 25 a 40%, assegura ganhos reais expressivos superiores aos portadores de maior titula\u00e7\u00e3o e com dedica\u00e7\u00e3o exclusiva, o que representa um impacto de R$ 4,2 bilh\u00f5es.<br \/>\nO acordo assinado com a Federa\u00e7\u00e3o de Sindicatos de Professores de Institui\u00e7\u00f5es Federais de Ensino Superior (Proifes), que n\u00e3o poder\u00e1 ser emendado ou alterado no Congresso Nacional, possui cl\u00e1usulas que permitem a ades\u00e3o de outras entidades sindicais.<a href=\"http:\/\/portal.mec.gov.br\/index.php?option=com_content&amp;view=article&amp;id=18003\"> Leia mais&#8230;<\/a><\/div>\n","protected":false},"excerpt":{"rendered":"<p>Educa\u00e7\u00e3o superior O Minist\u00e9rio da Educa\u00e7\u00e3o reafirmou no in\u00edcio da tarde desta quinta-feira, 9, por meio de circular enviada aos reitores das universidades e institutos federais, que as negocia\u00e7\u00f5es com os docentes est\u00e1 encerrada. E que n\u00e3o h\u00e1 qualquer possibilidade de reabertura. At\u00e9 o final de agosto, o Minist\u00e9rio do Planejamento vai enviar ao Congresso [&hellip;]<\/p>\n","protected":false},"author":1,"featured_media":0,"comment_status":"closed","ping_status":"closed","sticky":false,"template":"","format":"standard","meta":{"footnotes":""},"categories":[146],"tags":[],"class_list":["post-7229","post","type-post","status-publish","format-standard","hentry","category-latest-news"],"_links":{"self":[{"href":"https:\/\/apub.org.br\/siteantigo\/wp-json\/wp\/v2\/posts\/7229","targetHints":{"allow":["GET"]}}],"collection":[{"href":"https:\/\/apub.org.br\/siteantigo\/wp-json\/wp\/v2\/posts"}],"about":[{"href":"https:\/\/apub.org.br\/siteantigo\/wp-json\/wp\/v2\/types\/post"}],"author":[{"embeddable":true,"href":"https:\/\/apub.org.br\/siteantigo\/wp-json\/wp\/v2\/users\/1"}],"replies":[{"embeddable":true,"href":"https:\/\/apub.org.br\/siteantigo\/wp-json\/wp\/v2\/comments?post=7229"}],"version-history":[{"count":0,"href":"https:\/\/apub.org.br\/siteantigo\/wp-json\/wp\/v2\/posts\/7229\/revisions"}],"wp:attachment":[{"href":"https:\/\/apub.org.br\/siteantigo\/wp-json\/wp\/v2\/media?parent=7229"}],"wp:term":[{"taxonomy":"category","embeddable":true,"href":"https:\/\/apub.org.br\/siteantigo\/wp-json\/wp\/v2\/categories?post=7229"},{"taxonomy":"post_tag","embeddable":true,"href":"https:\/\/apub.org.br\/siteantigo\/wp-json\/wp\/v2\/tags?post=7229"}],"curies":[{"name":"wp","href":"https:\/\/api.w.org\/{rel}","templated":true}]}}