{"id":7346,"date":"2012-08-31T18:53:36","date_gmt":"2012-08-31T18:53:36","guid":{"rendered":"http:\/\/apub.org.br\/?p=7346"},"modified":"2012-08-31T18:53:36","modified_gmt":"2012-08-31T18:53:36","slug":"7346","status":"publish","type":"post","link":"https:\/\/apub.org.br\/siteantigo\/7346\/","title":{"rendered":"Acordo assinado foi tema discutido pelo PROIFES em audi\u00eancia P\u00fablica no Senado Federal"},"content":{"rendered":"<p style=\"text-align: justify;\"><a rel=\"attachment wp-att-4621\" href=\"http:\/\/apub.org.br\/?attachment_id=4621\"><img fetchpriority=\"high\" decoding=\"async\" class=\"alignright\" title=\"professores\" src=\"http:\/\/proifes.org.br\/wp-content\/uploads\/2012\/08\/professores-300x200.jpg\" alt=\"\" width=\"300\" height=\"200\" \/><\/a>Na manh\u00e3 de quarta-feira (29), o PROIFES-Federa\u00e7\u00e3o esteve presente em audi\u00eancia p\u00fablica no Senado Federal para discutir \u201cO movimento grevista dos professores federais\u201d. Tamb\u00e9m participaram do debate Marinalva Oliveira, presidente da Andes, Daniel Iliesco, presidente da UNE, Jos\u00e9 Almiran Rodrigues, diretor da Fasubra e Elane Mafra, representante do Sinasefe e Amaro Lins, Secret\u00e1rio da SESu\/MEC.<\/p>\n<p style=\"text-align: justify;\">A audi\u00eancia foi requerida pelas senadoras Vanessa Grazziotin (PCdoB\/AM) e Ana Am\u00e9lia (PP\/RS), e contou com a presen\u00e7a dos parlamentares Angela Portela (PT\/RR), Paulo Paim (PT\/RS), Cristovam Buarque (PDT\/DF), C\u00e1ssio Cunha Lima (PSDB\/PB) e Eduardo Suplicy (PT\/SP).<\/p>\n<p style=\"text-align: justify;\">O secret\u00e1rio de Educa\u00e7\u00e3o Superior (Sesu\/MEC), Amaro Lins, representou o Ministro da Educa\u00e7\u00e3o e respondeu aos questionamentos das entidades e senadores sobre o processo negocial que culminou na assinatura do termo de acordo que ser\u00e1 encaminhado como Projeto de Lei ao Congresso Nacional.<\/p>\n<p style=\"text-align: justify;\">Em sua exposi\u00e7\u00e3o, a presidente da Andes pediu novamente a reabertura das negocia\u00e7\u00f5es e tentou explicar o porqu\u00ea da entidade ainda manter a greve, apesar de 30 das 35 entidades representativas dos servidores p\u00fablicos federais j\u00e1 terem firmado acordos o e voltarem \u00e0 ativa, mesmo com um reajuste de apenas 15,8%, bem inferior ao acordo firmado pelos docentes universit\u00e1rios em 3 de agosto. <a href=\"http:\/\/proifes.org.br\/acordo-assinado-foi-tema-discutido-pelo-proifes-em-audiencia-publica-no-senado-federal\/\">Leia Mais&#8230;<\/a><\/p>\n","protected":false},"excerpt":{"rendered":"<p>Na manh\u00e3 de quarta-feira (29), o PROIFES-Federa\u00e7\u00e3o esteve presente em audi\u00eancia p\u00fablica no Senado Federal para discutir \u201cO movimento grevista dos professores federais\u201d. Tamb\u00e9m participaram do debate Marinalva Oliveira, presidente da Andes, Daniel Iliesco, presidente da UNE, Jos\u00e9 Almiran Rodrigues, diretor da Fasubra e Elane Mafra, representante do Sinasefe e Amaro Lins, Secret\u00e1rio da SESu\/MEC. [&hellip;]<\/p>\n","protected":false},"author":1,"featured_media":0,"comment_status":"closed","ping_status":"closed","sticky":false,"template":"","format":"standard","meta":{"footnotes":""},"categories":[146],"tags":[],"class_list":["post-7346","post","type-post","status-publish","format-standard","hentry","category-latest-news"],"_links":{"self":[{"href":"https:\/\/apub.org.br\/siteantigo\/wp-json\/wp\/v2\/posts\/7346","targetHints":{"allow":["GET"]}}],"collection":[{"href":"https:\/\/apub.org.br\/siteantigo\/wp-json\/wp\/v2\/posts"}],"about":[{"href":"https:\/\/apub.org.br\/siteantigo\/wp-json\/wp\/v2\/types\/post"}],"author":[{"embeddable":true,"href":"https:\/\/apub.org.br\/siteantigo\/wp-json\/wp\/v2\/users\/1"}],"replies":[{"embeddable":true,"href":"https:\/\/apub.org.br\/siteantigo\/wp-json\/wp\/v2\/comments?post=7346"}],"version-history":[{"count":0,"href":"https:\/\/apub.org.br\/siteantigo\/wp-json\/wp\/v2\/posts\/7346\/revisions"}],"wp:attachment":[{"href":"https:\/\/apub.org.br\/siteantigo\/wp-json\/wp\/v2\/media?parent=7346"}],"wp:term":[{"taxonomy":"category","embeddable":true,"href":"https:\/\/apub.org.br\/siteantigo\/wp-json\/wp\/v2\/categories?post=7346"},{"taxonomy":"post_tag","embeddable":true,"href":"https:\/\/apub.org.br\/siteantigo\/wp-json\/wp\/v2\/tags?post=7346"}],"curies":[{"name":"wp","href":"https:\/\/api.w.org\/{rel}","templated":true}]}}