{"id":7351,"date":"2012-08-31T18:55:03","date_gmt":"2012-08-31T18:55:03","guid":{"rendered":"http:\/\/apub.org.br\/?p=7351"},"modified":"2012-08-31T18:55:03","modified_gmt":"2012-08-31T18:55:03","slug":"cd-do-proifes-de-29-de-agosto-o-termo-de-acordo-foi-uma-grande-vitoria-e-portanto-conclamamos-os-docentes-a-encerrar-a-greve","status":"publish","type":"post","link":"https:\/\/apub.org.br\/siteantigo\/cd-do-proifes-de-29-de-agosto-o-termo-de-acordo-foi-uma-grande-vitoria-e-portanto-conclamamos-os-docentes-a-encerrar-a-greve\/","title":{"rendered":"CD do PROIFES de 29 de agosto: o Termo de Acordo foi uma grande vit\u00f3ria e, portanto, conclamamos os docentes a encerrar a greve"},"content":{"rendered":"<p style=\"text-align: justify;\">O Conselho Deliberativo do PROIFES-Federa\u00e7\u00e3o, reunido em 29 de agosto de 2012, considerando a presente conjuntura, o iminente encerramento do prazo previsto na LDO (31 de agosto de 2012) para o envio ao Congresso Nacional do Projeto de Lei referente ao Acordo firmado pelo PROIFES e, tamb\u00e9m, o fato de que esse Acordo se mostrou o melhor dentre todos os pactuados neste ano pelas diversas entidades do funcionalismo p\u00fablico federal, com reestrutura\u00e7\u00e3o da carreira e reposi\u00e7\u00e3o salarial m\u00e9dia de 32% em mar\u00e7o de 2015 \u2013 mais do dobro dos 15,8% que receber\u00e3o as demais categorias nesse mesmo m\u00eas,<\/p>\n<ul style=\"text-align: justify;\">\n<li> avaliou que\u00a0<strong>a assinatura do Termo de Acordo pelo PROIFES foi absolutamente correta e uma grande vit\u00f3ria<\/strong>, e<\/li>\n<li> decidiu indicar aos sindicatos federados que<strong> orientem os seus filiados em Universidades Federais e Institutos Federais de todo o Brasil no sentido de defender o pronto encerramento da greve ora em curso.<\/strong><\/li>\n<\/ul>\n<p style=\"text-align: justify;\">\u00c9 necess\u00e1rio frisar que,\u00a0<strong>se o PROIFES n\u00e3o tivesse assinado o Termo de Acordo<\/strong>, com o senso de responsabilidade, a capacidade propositiva e a correta avalia\u00e7\u00e3o da correla\u00e7\u00e3o de for\u00e7as que tem caracterizado sua trajet\u00f3ria,\u00a0<strong>os docentes do Magist\u00e9rio Superior e do Ensino B\u00e1sico T\u00e9cnico e Tecnol\u00f3gico teriam ficado com\u00a0<em>reajuste zero<\/em><\/strong>. <a href=\"http:\/\/proifes.org.br\/cd-do-proifes-de-29-de-agosto-o-termo-de-acordo-foi-uma-grande-vitoria-e-portanto-conclamamos-os-docentes-a-encerrar-a-greve\/\">Leia mais&#8230;<\/a><\/p>\n","protected":false},"excerpt":{"rendered":"<p>O Conselho Deliberativo do PROIFES-Federa\u00e7\u00e3o, reunido em 29 de agosto de 2012, considerando a presente conjuntura, o iminente encerramento do prazo previsto na LDO (31 de agosto de 2012) para o envio ao Congresso Nacional do Projeto de Lei referente ao Acordo firmado pelo PROIFES e, tamb\u00e9m, o fato de que esse Acordo se mostrou [&hellip;]<\/p>\n","protected":false},"author":1,"featured_media":0,"comment_status":"closed","ping_status":"closed","sticky":false,"template":"","format":"standard","meta":{"footnotes":""},"categories":[146],"tags":[],"class_list":["post-7351","post","type-post","status-publish","format-standard","hentry","category-latest-news"],"_links":{"self":[{"href":"https:\/\/apub.org.br\/siteantigo\/wp-json\/wp\/v2\/posts\/7351","targetHints":{"allow":["GET"]}}],"collection":[{"href":"https:\/\/apub.org.br\/siteantigo\/wp-json\/wp\/v2\/posts"}],"about":[{"href":"https:\/\/apub.org.br\/siteantigo\/wp-json\/wp\/v2\/types\/post"}],"author":[{"embeddable":true,"href":"https:\/\/apub.org.br\/siteantigo\/wp-json\/wp\/v2\/users\/1"}],"replies":[{"embeddable":true,"href":"https:\/\/apub.org.br\/siteantigo\/wp-json\/wp\/v2\/comments?post=7351"}],"version-history":[{"count":0,"href":"https:\/\/apub.org.br\/siteantigo\/wp-json\/wp\/v2\/posts\/7351\/revisions"}],"wp:attachment":[{"href":"https:\/\/apub.org.br\/siteantigo\/wp-json\/wp\/v2\/media?parent=7351"}],"wp:term":[{"taxonomy":"category","embeddable":true,"href":"https:\/\/apub.org.br\/siteantigo\/wp-json\/wp\/v2\/categories?post=7351"},{"taxonomy":"post_tag","embeddable":true,"href":"https:\/\/apub.org.br\/siteantigo\/wp-json\/wp\/v2\/tags?post=7351"}],"curies":[{"name":"wp","href":"https:\/\/api.w.org\/{rel}","templated":true}]}}