{"id":7465,"date":"2012-09-05T13:10:01","date_gmt":"2012-09-05T13:10:01","guid":{"rendered":"http:\/\/apub.org.br\/?p=7465"},"modified":"2012-09-05T13:10:01","modified_gmt":"2012-09-05T13:10:01","slug":"ufmg-termina-a-greve","status":"publish","type":"post","link":"https:\/\/apub.org.br\/siteantigo\/ufmg-termina-a-greve\/","title":{"rendered":"UFMG termina a greve"},"content":{"rendered":"<p style=\"text-align: justify;\">Depois de 79 dias, professores da UFMG terminam a greve na institui\u00e7\u00e3o Retorno \u00e0s aulas agora est\u00e1 nas m\u00e3os do Conselho de Ensino, Pesquisa e Extens\u00e3o Os docentes da Universidade Federal de Minas Gerais (UFMG) decidiram em assembleia realizada na tarde desta quarta-feira encerrar a greve que j\u00e1 durava 79 dias na institui\u00e7\u00e3o. Ao todo, 241 docentes votaram pelo fim imediato do movimento, 140 pela sa\u00edda unificada em todo pa\u00eds com data marcada \u2013 como foi sugerido pelo Comando Nacional de Greve (CNG) \u2013 e 06 se abstiveram de opinar. Desta vez, nenhum presente votou pela continuidade.  A tend\u00eancia \u00e9 que as aulas na universidade sejam retomadas na pr\u00f3xima semana, no entanto, a data ainda n\u00e3o est\u00e1 definida. A confirma\u00e7\u00e3o depende da elabora\u00e7\u00e3o de um novo calend\u00e1rio, j\u00e1 que o primeiro semestre deste ano ainda n\u00e3o foi encerrado para alguns cursos e os departamentos pararam em momentos diferentes. A defini\u00e7\u00e3o ser\u00e1 tomada pelo Conselho de Ensino, Pesquisa e Extens\u00e3o (CEPE), que deve avaliar a situa\u00e7\u00e3o de cada gradua\u00e7\u00e3o. Os docentes da Universidade Federal de Minas Gerais (UFMG) decidiram em assembleia realizada na tarde desta quarta-feira encerrar a greve que j\u00e1 durava 79 dias na institui\u00e7\u00e3o. Ao todo, 241 docentes votaram pelo fim imediato do movimento, 140 pela sa\u00edda unificada em todo pa\u00eds com data marcada \u2013 como foi sugerido pelo Comando Nacional de Greve (CNG) \u2013 e 06 se abstiveram de opinar. Desta vez, nenhum presente votou pela continuidade. A tend\u00eancia \u00e9 que as aulas na universidade sejam retomadas na pr\u00f3xima semana, no entanto, a data ainda n\u00e3o est\u00e1 definida. A confirma\u00e7\u00e3o depende da elabora\u00e7\u00e3o de um novo calend\u00e1rio, j\u00e1 que o primeiro semestre deste ano ainda n\u00e3o foi encerrado para alguns cursos e os departamentos pararam em momentos diferentes. A defini\u00e7\u00e3o ser\u00e1 tomada pelo Conselho de Ensino, Pesquisa e Extens\u00e3o (CEPE), que deve avaliar a situa\u00e7\u00e3o de cada gradua\u00e7\u00e3o. O presidente do Sindicato dos Professores de Universidades Federais de Belo Horizonte e Montes Claros (APUBH), Jo\u00e3o Mauricio Mota, destaca que, apesar do retorno, a proposta n\u00e3o foi aprovada pela categoria. \u201cA quest\u00e3o toda \u00e9 que a proposta do governo n\u00e3o agradou aos professores da UFMG, assim como n\u00e3o agradou aos professores de mais de 50 universidades. No entanto, n\u00f3s percebemos que as negocia\u00e7\u00f5es n\u00e3o seriam mais reabertas, por isso a mudan\u00e7a de estrat\u00e9gia. Agora vamos trabalhar no Congresso pela reestrutura\u00e7\u00e3o da carreira\u201d, avaliou. Posicionamento dos cursos Na \u00faltima segunda-feira, os professores da Faculdade de Filosofia e Ci\u00eancias Humanas (Fafich) realizaram assembleia particular e votaram pela volta das aulas. Na ocasi\u00e3o, Mota explicou ao Estado de Minas que a decis\u00e3o unilateral \u00e9 leg\u00edtima apesar de n\u00e3o ser comum. \u201cCada unidade tem sua autonomia para decidir se participa ou n\u00e3o da greve, mas a decis\u00e3o oficial \u00e9 da assembleia\u201d, destacou. Durante a reuni\u00e3o desta tarde, os professores do Instituto de Ci\u00eancia Biol\u00f3gicas (ICB), do Instituto de Ci\u00eancias Agr\u00e1rias (ICA), da Escola de Engenharia, da Faculdade de Direito, da Faculdade de Ci\u00eancias Econ\u00f4micas (Face) e do Departamento de Qu\u00edmica acompanharam os colegas da Fafich e deciriam, em sua maioria, pelo t\u00e9rmino imediato da paralisa\u00e7\u00e3o, sem seguir as orienta\u00e7\u00f5es do CNG. A decis\u00e3o foi ratificada em vota\u00e7\u00e3o geral na assembleia, com todos os professores presentes. Sindicato havia sugerido fim da paralisa\u00e7\u00e3o Na \u00faltima semana, o APUBH chegou a publicar um documento sugerindo \u00e0 categoria encerrar a greve. O material lembra que a proposta do governo n\u00e3o atende todas reivindica\u00e7\u00f5es, mas \u201ctraz algumas inova\u00e7\u00f5es importantes\u201d. Entre os principais pontos positivos apontados pela diretoria do APUBH est\u00e3o o \u201cindicativo de aumento salarial frente \u00e0s demais carreiras\u201d e \u201ca possibilidade de ascens\u00e3o \u00e0 classe de Titular sem a necessidade de concurso p\u00fablico\u201d. No entanto, a proposta acabou derrotada na assembleia anterior. Governo bateu p\u00e9 em reajuste m\u00ednimo de 25% Depois de fazer alarde em torno da primeira proposta, que acabou recusada nas assembleias, o Minist\u00e9rio do Planejamento bateu o p\u00e9 na oferta posterior, que ampliou o reajuste m\u00ednimo oferecido aos docentes de 12% para 25% e manteve o reajuste m\u00e1ximo, para os professores no auge da carreira, em 40%. Entenda. No entanto, quest\u00f5es relacionadas com a reestrutura\u00e7\u00e3o da carreira, principal ponto cobrado pelos grevistas, acabaram ficando de fora da \u00faltima proposta. Em comunicado divulgado no in\u00edcio desta semana, o Sindicato Nacional dos Docentes de Institui\u00e7\u00f5es de Ensino Superior (Andes) lembrou que o Projeto de Lei n\u00ba 4.368\/12, que disp\u00f5e sobre a estrutura\u00e7\u00e3o do Plano de Carreiras e Cargos de Magist\u00e9rio Federal, \u201cmant\u00e9m a proposta de carreira docente rejeitada pela categoria e n\u00e3o \u00e9 produto de uma negocia\u00e7\u00e3o\u201d. Segundo o Andes, pontos como a expans\u00e3o universit\u00e1ria, infraestrutura e contrata\u00e7\u00e3o e capacita\u00e7\u00e3o de docentes n\u00e3o foram discutidos e seguem fora da proposta. Acompanhando voto a voto O Diret\u00f3rio Central dos Estudantes da UFMG (DCE) divulgou em sua p\u00e1gina no Facebook todos os andamentos da assembleia nesta tarde. Pela rede social, os universit\u00e1rios manifestaram sua ansiedade pelo retorno \u00e0s aulas e opinaram sobre o fim do movimento. \u201cT\u00e1 (sic) pior que cl\u00e1ssico Galo x Cruzeiro\u201d, postou um estudante, que foi acompanhado pelos colegas: \u201cna torcida\u201d, \u201cansiosa\u201d e \u201cser\u00e1 que amanh\u00e3 fa\u00e7o meu registro?\u201d  Fonte : Correio Brasiliense<\/p>\n","protected":false},"excerpt":{"rendered":"<p>Depois de 79 dias, professores da UFMG terminam a greve na institui\u00e7\u00e3o Retorno \u00e0s aulas agora est\u00e1 nas m\u00e3os do Conselho de Ensino, Pesquisa e Extens\u00e3o Os docentes da Universidade Federal de Minas Gerais (UFMG) decidiram em assembleia realizada na tarde desta quarta-feira encerrar a greve que j\u00e1 durava 79 dias na institui\u00e7\u00e3o. Ao todo, [&hellip;]<\/p>\n","protected":false},"author":1,"featured_media":0,"comment_status":"closed","ping_status":"closed","sticky":false,"template":"","format":"standard","meta":{"footnotes":""},"categories":[146],"tags":[],"class_list":["post-7465","post","type-post","status-publish","format-standard","hentry","category-latest-news"],"_links":{"self":[{"href":"https:\/\/apub.org.br\/siteantigo\/wp-json\/wp\/v2\/posts\/7465","targetHints":{"allow":["GET"]}}],"collection":[{"href":"https:\/\/apub.org.br\/siteantigo\/wp-json\/wp\/v2\/posts"}],"about":[{"href":"https:\/\/apub.org.br\/siteantigo\/wp-json\/wp\/v2\/types\/post"}],"author":[{"embeddable":true,"href":"https:\/\/apub.org.br\/siteantigo\/wp-json\/wp\/v2\/users\/1"}],"replies":[{"embeddable":true,"href":"https:\/\/apub.org.br\/siteantigo\/wp-json\/wp\/v2\/comments?post=7465"}],"version-history":[{"count":0,"href":"https:\/\/apub.org.br\/siteantigo\/wp-json\/wp\/v2\/posts\/7465\/revisions"}],"wp:attachment":[{"href":"https:\/\/apub.org.br\/siteantigo\/wp-json\/wp\/v2\/media?parent=7465"}],"wp:term":[{"taxonomy":"category","embeddable":true,"href":"https:\/\/apub.org.br\/siteantigo\/wp-json\/wp\/v2\/categories?post=7465"},{"taxonomy":"post_tag","embeddable":true,"href":"https:\/\/apub.org.br\/siteantigo\/wp-json\/wp\/v2\/tags?post=7465"}],"curies":[{"name":"wp","href":"https:\/\/api.w.org\/{rel}","templated":true}]}}