{"id":7471,"date":"2012-09-05T13:12:12","date_gmt":"2012-09-05T13:12:12","guid":{"rendered":"http:\/\/apub.org.br\/?p=7471"},"modified":"2012-09-05T13:12:12","modified_gmt":"2012-09-05T13:12:12","slug":"encerrada-greve-na-ufba","status":"publish","type":"post","link":"https:\/\/apub.org.br\/siteantigo\/encerrada-greve-na-ufba\/","title":{"rendered":"Encerrada greve na UFBA"},"content":{"rendered":"<p style=\"text-align: justify;\">Com<strong> 460 votos favor\u00e1veis <\/strong>e\u00a0<strong>37 contra<\/strong>, est\u00e1 oficialmente encerrada a greve nas IFES baianas. Este foi o resultado da consulta plebiscit\u00e1ria eletr\u00f4nica realizada pela APUB Sindicato filiado ao Proifes Federa\u00e7\u00e3o (atrav\u00e9s da sua p\u00e1gina na web) nos dias 3, 4 e 5 de setembro para que os(as) docentes da sua base sindical (UFBA, UFRB e IFBA), pudessem votar sobre o encerramento da greve que j\u00e1 dura 97 dias e retomar as suas atividades.<\/p>\n<p style=\"text-align: justify;\">Esta moderna op\u00e7\u00e3o de consulta est\u00e1 fundamentada no Estatuto da entidade e permite aos professores que pelos mais diferentes motivos, participam pouco ou n\u00e3o participam das assembl\u00e9ias e reuni\u00f5es convocadas pelo autodenominado comando local de greve, terem a sua vontade respeitada.<\/p>\n<p style=\"text-align: justify;\">Com este resultado, milhares de universit\u00e1rios baianos prejudicados e sob a amea\u00e7a de perderem o semestre respiram aliviados e mant\u00e9m a esperan\u00e7a de cumprirem um calend\u00e1rio alternativo, que ser\u00e1 divulgado pelos \u00f3rg\u00e3os superiores da Universidade.<\/p>\n<p style=\"text-align: justify;\">Segundo a presidente da APUB Sindicato, professora S\u00edlvia L\u00facia Ferreira, \u201co desejo da maioria dos docentes do estado \u00e9 o de retorno \u00e0 normalidade acad\u00eamica, esperamos que esta vontade seja respeitada\u201d.<\/p>\n<p style=\"text-align: justify;\">A APUB Sindicato comunicar\u00e1 oficialmente o resultado aos reitores destas institui\u00e7\u00f5es, conclamando a divulga\u00e7\u00e3o imediata do novo calend\u00e1rio letivo e a volta dos(as) docentes ao trabalho<\/p>\n<p style=\"text-align: justify;\">Encerrada greve na UFBA.<\/p>\n<hr style=\"text-align: justify;\" \/>\n<p style=\"text-align: justify;\"><strong>RESULTADO DO PLEBISCITO PARA ENCERRAMENTO IMEDIATO DA GREVE<\/strong><\/p>\n<p style=\"text-align: justify;\"><strong>Das 8h do dia 03 \u00e0s 12h do dia 05 de setembro de 2012<\/strong><\/p>\n<p style=\"text-align: justify;\"><strong>QUADRO DE VOTOS<\/strong><\/p>\n<p style=\"text-align: justify;\">\n<hr style=\"text-align: justify;\" \/>\n<table style=\"text-align: justify;\" border=\"1\" cellspacing=\"0\" cellpadding=\"0\">\n<tbody>\n<tr>\n<td width=\"130\" valign=\"top\"><strong>INSTITUI\u00c7\u00c3O<\/strong><\/td>\n<td width=\"170\" valign=\"top\"><strong>SIM<\/strong><\/td>\n<td width=\"142\" valign=\"top\"><strong>N\u00c3O<\/strong><\/td>\n<td width=\"132\" valign=\"top\"><strong>TOTAL<\/strong><\/td>\n<\/tr>\n<tr>\n<td width=\"130\" valign=\"top\"><strong>UFBA<\/strong><\/td>\n<td width=\"170\" valign=\"top\">437<\/td>\n<td width=\"142\" valign=\"top\">28<\/td>\n<td width=\"132\" valign=\"top\">465<\/td>\n<\/tr>\n<tr>\n<td width=\"130\" valign=\"top\"><strong>IFBA<\/strong><\/td>\n<td width=\"170\" valign=\"top\">12<\/td>\n<td width=\"142\" valign=\"top\">2<\/td>\n<td width=\"132\" valign=\"top\">14<\/td>\n<\/tr>\n<tr>\n<td width=\"130\" valign=\"top\"><strong>UFRB<\/strong><\/td>\n<td width=\"170\" valign=\"top\">11<\/td>\n<td width=\"142\" valign=\"top\">7<\/td>\n<td width=\"132\" valign=\"top\">18<\/td>\n<\/tr>\n<tr>\n<td width=\"130\" valign=\"top\"><strong>TOTAL<\/strong><\/td>\n<td width=\"170\" valign=\"top\">460<\/td>\n<td width=\"142\" valign=\"top\">37<\/td>\n<td width=\"132\" valign=\"top\">497<\/td>\n<\/tr>\n<\/tbody>\n<\/table>\n<hr style=\"text-align: justify;\" size=\"2\" \/>\n<p style=\"text-align: justify;\">BRANCOS:01<\/p>\n<hr style=\"text-align: justify;\" size=\"2\" \/>\n<p style=\"text-align: justify;\">NULOS: 12<\/p>\n<hr style=\"text-align: justify;\" size=\"2\" \/>\n<p style=\"text-align: justify;\">TOTAL DE VOTOS INCLUINDO BRANCOS E NULOS: 510<\/p>\n","protected":false},"excerpt":{"rendered":"<p>Com 460 votos favor\u00e1veis e\u00a037 contra, est\u00e1 oficialmente encerrada a greve nas IFES baianas. Este foi o resultado da consulta plebiscit\u00e1ria eletr\u00f4nica realizada pela APUB Sindicato filiado ao Proifes Federa\u00e7\u00e3o (atrav\u00e9s da sua p\u00e1gina na web) nos dias 3, 4 e 5 de setembro para que os(as) docentes da sua base sindical (UFBA, UFRB e [&hellip;]<\/p>\n","protected":false},"author":1,"featured_media":0,"comment_status":"closed","ping_status":"closed","sticky":false,"template":"","format":"standard","meta":{"footnotes":""},"categories":[146],"tags":[],"class_list":["post-7471","post","type-post","status-publish","format-standard","hentry","category-latest-news"],"_links":{"self":[{"href":"https:\/\/apub.org.br\/siteantigo\/wp-json\/wp\/v2\/posts\/7471","targetHints":{"allow":["GET"]}}],"collection":[{"href":"https:\/\/apub.org.br\/siteantigo\/wp-json\/wp\/v2\/posts"}],"about":[{"href":"https:\/\/apub.org.br\/siteantigo\/wp-json\/wp\/v2\/types\/post"}],"author":[{"embeddable":true,"href":"https:\/\/apub.org.br\/siteantigo\/wp-json\/wp\/v2\/users\/1"}],"replies":[{"embeddable":true,"href":"https:\/\/apub.org.br\/siteantigo\/wp-json\/wp\/v2\/comments?post=7471"}],"version-history":[{"count":0,"href":"https:\/\/apub.org.br\/siteantigo\/wp-json\/wp\/v2\/posts\/7471\/revisions"}],"wp:attachment":[{"href":"https:\/\/apub.org.br\/siteantigo\/wp-json\/wp\/v2\/media?parent=7471"}],"wp:term":[{"taxonomy":"category","embeddable":true,"href":"https:\/\/apub.org.br\/siteantigo\/wp-json\/wp\/v2\/categories?post=7471"},{"taxonomy":"post_tag","embeddable":true,"href":"https:\/\/apub.org.br\/siteantigo\/wp-json\/wp\/v2\/tags?post=7471"}],"curies":[{"name":"wp","href":"https:\/\/api.w.org\/{rel}","templated":true}]}}