{"id":7491,"date":"2012-09-13T21:20:57","date_gmt":"2012-09-13T21:20:57","guid":{"rendered":"http:\/\/apub.org.br\/?p=7491"},"modified":"2012-09-13T21:20:57","modified_gmt":"2012-09-13T21:20:57","slug":"ufba-acata-dia-06-de-setembro-como-data-final-da-greve","status":"publish","type":"post","link":"https:\/\/apub.org.br\/siteantigo\/ufba-acata-dia-06-de-setembro-como-data-final-da-greve\/","title":{"rendered":"UFBA considera dia 06 de setembro como data final da greve"},"content":{"rendered":"<p style=\"text-align: justify;\">A reitoria da Ufba reconhecendo a legitima representa\u00e7\u00e3o da Apub sindicato, considerou como data final de greve o dia <strong>06 de setembro &#8211; indicada em plebiscito da entidade<\/strong> &#8211; e aprovou o calend\u00e1rio de reposi\u00e7\u00e3o para o primeiro e segundo semestre de 2012, interrompidos pela greve. O retorno das aulas, marcado para amanh\u00e3, dia 14\/09 inicia o per\u00edodo de reposi\u00e7\u00e3o decorrente da longa greve das tr\u00eas categorias. As aulas do segundo semestre ser\u00e3o iniciadas dia 21 novembro e finalizadas dia 8 abril de 2013 e com certeza ser\u00e1 preservada a qualidade nas atividades de ensino, pesquisa e extens\u00e3o, caracter\u00edstica das universidades p\u00fablicas federais.<\/p>\n","protected":false},"excerpt":{"rendered":"<p>A reitoria da Ufba reconhecendo a legitima representa\u00e7\u00e3o da Apub sindicato, considerou como data final de greve o dia 06 de setembro &#8211; indicada em plebiscito da entidade &#8211; e aprovou o calend\u00e1rio de reposi\u00e7\u00e3o para o primeiro e segundo semestre de 2012, interrompidos pela greve. O retorno das aulas, marcado para amanh\u00e3, dia 14\/09 [&hellip;]<\/p>\n","protected":false},"author":1,"featured_media":0,"comment_status":"closed","ping_status":"closed","sticky":false,"template":"","format":"standard","meta":{"footnotes":""},"categories":[146],"tags":[],"class_list":["post-7491","post","type-post","status-publish","format-standard","hentry","category-latest-news"],"_links":{"self":[{"href":"https:\/\/apub.org.br\/siteantigo\/wp-json\/wp\/v2\/posts\/7491","targetHints":{"allow":["GET"]}}],"collection":[{"href":"https:\/\/apub.org.br\/siteantigo\/wp-json\/wp\/v2\/posts"}],"about":[{"href":"https:\/\/apub.org.br\/siteantigo\/wp-json\/wp\/v2\/types\/post"}],"author":[{"embeddable":true,"href":"https:\/\/apub.org.br\/siteantigo\/wp-json\/wp\/v2\/users\/1"}],"replies":[{"embeddable":true,"href":"https:\/\/apub.org.br\/siteantigo\/wp-json\/wp\/v2\/comments?post=7491"}],"version-history":[{"count":0,"href":"https:\/\/apub.org.br\/siteantigo\/wp-json\/wp\/v2\/posts\/7491\/revisions"}],"wp:attachment":[{"href":"https:\/\/apub.org.br\/siteantigo\/wp-json\/wp\/v2\/media?parent=7491"}],"wp:term":[{"taxonomy":"category","embeddable":true,"href":"https:\/\/apub.org.br\/siteantigo\/wp-json\/wp\/v2\/categories?post=7491"},{"taxonomy":"post_tag","embeddable":true,"href":"https:\/\/apub.org.br\/siteantigo\/wp-json\/wp\/v2\/tags?post=7491"}],"curies":[{"name":"wp","href":"https:\/\/api.w.org\/{rel}","templated":true}]}}