{"id":7498,"date":"2012-09-14T14:37:00","date_gmt":"2012-09-14T14:37:00","guid":{"rendered":"http:\/\/apub.org.br\/?p=7498"},"modified":"2012-09-14T14:37:00","modified_gmt":"2012-09-14T14:37:00","slug":"ex-presidentes-da-apub-contra-a-tentativa-de-golpe-na-diretoria","status":"publish","type":"post","link":"https:\/\/apub.org.br\/siteantigo\/ex-presidentes-da-apub-contra-a-tentativa-de-golpe-na-diretoria\/","title":{"rendered":"EX-PRESIDENTES DA APUB CONTRA A TENTATIVA DE GOLPE NA DIRETORIA"},"content":{"rendered":"<p style=\"text-align: justify;\">Na condi\u00e7\u00e3o de ex-presidentes da APUB, hoje APUB Sindicato, sentimo-nos no dever de vir a p\u00fablico manifestar, com serenidade, mas, ao mesmo tempo com preocupa\u00e7\u00e3o e, por que n\u00e3o dizer, com indigna\u00e7\u00e3o, o que se segue.<\/p>\n<p style=\"text-align: justify;\">Como \u00e9 sabido de todos, em meio \u00e0 crise por que passam a categoria dos docentes da UFBA e a sua entidade de representa\u00e7\u00e3o, com fortes diverg\u00eancias, informa\u00e7\u00f5es e contrainforma\u00e7\u00f5es, conflitos entre oposi\u00e7\u00e3o e diretoria, tentativas de destitui\u00e7\u00e3o da atual diretoria, contendas judiciais, n\u00e3o podemos e n\u00e3o devemos nos calar.<\/p>\n<p style=\"text-align: justify;\">Com o advento do governo Lula e a reconfigura\u00e7\u00e3o dos ditos partidos de esquerda, formados em parte por milit\u00e2ncias egressas do pr\u00f3prio PT, multiplicaram-se as Centrais Sindicais, dividiram-se pol\u00edtica e ideologicamente os trabalhadores, provocando, consequentemente, rupturas no seio das organiza\u00e7\u00f5es sindicais. Em tal cen\u00e1rio, a ANDES &#8211; Sindicato Nacional rompeu com a CUT e passou a ser, talvez, a for\u00e7a mais rica e poderosa da CONLUTAS, o que ensejou o nascimento do PROIFES-F\u00f3rum, hoje PROIFES Federa\u00e7\u00e3o, com novo modelo de organiza\u00e7\u00e3o sindical, \u00e0 base de estrat\u00e9gias e pr\u00e1ticas de negocia\u00e7\u00e3o sistem\u00e1tica e continuada.<\/p>\n<p style=\"text-align: justify;\">A Greve, deflagrada em maio passado, nasce marcada por esses conflitos estruturais. A deflagra\u00e7\u00e3o da greve pela ANDES, antes de cumprido o calend\u00e1rio de negocia\u00e7\u00e3o com o governo, radicalizou as dissens\u00f5es e tens\u00f5es entre ela e o PROIFES, o qual se manteve em negocia\u00e7\u00e3o e assinou o Termo de Acordo com o governo, em 03\/8\/2012.<\/p>\n<p style=\"text-align: justify;\">Entretanto, sob a j\u00e1 manifesta e decidida orienta\u00e7\u00e3o da ANDES, parte dos docentes em greve na UFBA, base do PROIFES, investiu pesado na descaracteriza\u00e7\u00e3o, desqualifica\u00e7\u00e3o e desgaste da dire\u00e7\u00e3o da APUB Sindicato, com vista \u00e0 retomada dessa base para as hostes da ANDES. Por isso, desde o in\u00edcio da greve, manifestaram-se posi\u00e7\u00f5es e disseminaram-se propostas de destitui\u00e7\u00e3o da Diretoria da APUB, sob o claro objetivo de fazer a entidade retornar \u00e0 condi\u00e7\u00e3o anterior de Se\u00e7\u00e3o Sindical da ANDES. S\u00e3o marcas e gestos incontestes de tal objetivo, a agressividade de grupos participantes das assembeias, atitudes, comportamentos e pr\u00e1ticas do Comando Local de Greve que, rompendo com os procedimentos hist\u00f3ricos, longamente pactuados ao curso das muitas greves na UFBA, se auto-constituiu como se diretoria eleita fosse, convocando assembleias com a marca da APUB, for\u00e7ando para ocupar, ilegal e ilegitimamente, a presid\u00eancia das assembleias, impondo ordena\u00e7\u00e3o de despesas e, por fim, propondo e convocando, ao arrepio da lei e dos Estatutos, \u201cassembleia\u201d para, sem qu\u00f3rum qualificado, com votos at\u00e9 de n\u00e3o associados, encenar destitui\u00e7\u00e3o da Diretoria do Sindicato.<\/p>\n<p style=\"text-align: justify;\">Perpetrada a ignominia, por faltarem legalidade, legitimidade e raz\u00f5es suficientes para tal ato, porquanto, diverg\u00eancias de natureza pol\u00edtica n\u00e3o se constituem em causa para destitui\u00e7\u00e3o de dirigentes sindicais, n\u00e3o restou \u00e0 Diretoria, sen\u00e3o bater as portas dos tribunais, para fazer valer, como pressuposto b\u00e1sico da democracia e do Estado de Direito, o voto livre e direto dos associados que a elegeram.<\/p>\n<p style=\"text-align: justify;\">N\u00e3o temos d\u00favidas, n\u00e3o se trata aqui da defesa dessa ou daquela diretoria, mas daquilo que, como cidad\u00e3os e educadores, nos \u00e9 mais caro, a saber,\u00a0 o Estado de Direito, a democracia, as liberdades democr\u00e1ticas, o voto direto, livre e soberano na escolha dos nossos representantes.<\/p>\n<p style=\"text-align: justify;\">Por fim, conclamamos a todos que nos unamos \u00e0 Diretoria eleita da APUB na defesa dos princ\u00edpios que nortearam as \u00e1rduas lutas travadas por tantos colegas e companheiros na constru\u00e7\u00e3o de nossa entidade sindical e, que as pr\u00f3ximas elei\u00e7\u00f5es, que se avizinham, constituam a nova diretoria, independentemente de colora\u00e7\u00f5es ideol\u00f3gicas ou pol\u00edtico-partid\u00e1rias, mas, em conson\u00e2ncia \u00e0 vontade manifesta da maioria dos docentes da UFBA, UFRB e IFBA, base da APUB Sindicato.<\/p>\n<p style=\"text-align: center;\">Sauda\u00e7\u00f5es universit\u00e1rias e sindicais,<\/p>\n<p style=\"text-align: center;\"><strong>Guilherme Requi\u00e3o Radel<br \/>\n(agosto a dezembro de 1968)<\/strong><\/p>\n<p style=\"text-align: center;\"><strong>Joviniano Soares de Carvalho Neto<br \/>\n(1983-1985, 2000-2002 e 2006-2008)<\/strong><\/p>\n<p style=\"text-align: center;\"><strong>Jo\u00e3o Augusto de Lima Rocha<br \/>\n(1985-1987)<\/strong><\/p>\n<p style=\"text-align: center;\"><strong>Israel de Oliveira Pinheiro<br \/>\n(1993-1994\u00a0 e 2008-2010)<\/strong><\/p>\n<p style=\"text-align: center;\"><strong>Aur\u00e9lio Gon\u00e7alves de Lacerda<br \/>\n(1996-1999)<\/strong><\/p>\n<p style=\"text-align: center;\"><strong>Uilma Rodrigues de Matos Amazonas<br \/>\n(1999-2000)<\/strong><\/p>\n<p style=\"text-align: center;\"><strong>Claudia Miranda de Souza<br \/>\n(2004-2006)<\/strong><\/p>\n<p style=\"text-align: center;\"><strong> <\/strong><\/p>\n<p style=\"text-align: center;\"><strong>Salvador, 14\u00a0 de setembro de 2012<\/strong><\/p>\n","protected":false},"excerpt":{"rendered":"<p>Na condi\u00e7\u00e3o de ex-presidentes da APUB, hoje APUB Sindicato, sentimo-nos no dever de vir a p\u00fablico manifestar, com serenidade, mas, ao mesmo tempo com preocupa\u00e7\u00e3o e, por que n\u00e3o dizer, com indigna\u00e7\u00e3o, o que se segue. Como \u00e9 sabido de todos, em meio \u00e0 crise por que passam a categoria dos docentes da UFBA e [&hellip;]<\/p>\n","protected":false},"author":1,"featured_media":0,"comment_status":"closed","ping_status":"closed","sticky":false,"template":"","format":"standard","meta":{"footnotes":""},"categories":[146],"tags":[],"class_list":["post-7498","post","type-post","status-publish","format-standard","hentry","category-latest-news"],"_links":{"self":[{"href":"https:\/\/apub.org.br\/siteantigo\/wp-json\/wp\/v2\/posts\/7498","targetHints":{"allow":["GET"]}}],"collection":[{"href":"https:\/\/apub.org.br\/siteantigo\/wp-json\/wp\/v2\/posts"}],"about":[{"href":"https:\/\/apub.org.br\/siteantigo\/wp-json\/wp\/v2\/types\/post"}],"author":[{"embeddable":true,"href":"https:\/\/apub.org.br\/siteantigo\/wp-json\/wp\/v2\/users\/1"}],"replies":[{"embeddable":true,"href":"https:\/\/apub.org.br\/siteantigo\/wp-json\/wp\/v2\/comments?post=7498"}],"version-history":[{"count":0,"href":"https:\/\/apub.org.br\/siteantigo\/wp-json\/wp\/v2\/posts\/7498\/revisions"}],"wp:attachment":[{"href":"https:\/\/apub.org.br\/siteantigo\/wp-json\/wp\/v2\/media?parent=7498"}],"wp:term":[{"taxonomy":"category","embeddable":true,"href":"https:\/\/apub.org.br\/siteantigo\/wp-json\/wp\/v2\/categories?post=7498"},{"taxonomy":"post_tag","embeddable":true,"href":"https:\/\/apub.org.br\/siteantigo\/wp-json\/wp\/v2\/tags?post=7498"}],"curies":[{"name":"wp","href":"https:\/\/api.w.org\/{rel}","templated":true}]}}