{"id":7589,"date":"2012-10-08T17:04:25","date_gmt":"2012-10-08T17:04:25","guid":{"rendered":"http:\/\/apub.org.br\/?p=7589"},"modified":"2012-10-08T17:04:25","modified_gmt":"2012-10-08T17:04:25","slug":"realizada-a-segunda-reuniao-do-gt-docentes","status":"publish","type":"post","link":"https:\/\/apub.org.br\/siteantigo\/realizada-a-segunda-reuniao-do-gt-docentes\/","title":{"rendered":"Realizada a segunda reuni\u00e3o do GT-Docentes"},"content":{"rendered":"<p style=\"text-align: justify;\">Ocorreu no dia 02 de outubro a segunda reuni\u00e3o do Grupo de Trabalho constante da Cl\u00e1usula Nona do Termo de Acordo n\u00ba1\/2012, o GT-Docentes. Na reuni\u00e3o estavam os seguintes representantes: pelo PROIFES, Gil Vicente Figueiredo (Presidente da ADUFSCar), <strong> S\u00edlvia Ferreira (Presidente da APUB)<\/strong>,\u00a0Nilton Brand\u00e3o (Presidente do SINDIEDUTEC) e Paulo Haidamus (Presidente da ADUFMS); pelo MEC, o Secret\u00e1rio da SESu, Amaro Lins, a Coordenadora de Gest\u00e3o de Pessoas da SESu, Dulce Trist\u00e3o, o Diretor de Desenvolvimento da SETEC, Al\u00e9ssio Barros; e pelo CONIF, a Reitora do IF-RS, Cl\u00e1udia Schiedeck Soares de Souza.<\/p>\n<p style=\"text-align: justify;\"><a href=\"http:\/\/proifes.org.br\/realizada-a-segunda-reuniao-do-gt-docentes\/\">Leia mais&#8230;<\/a><\/p>\n","protected":false},"excerpt":{"rendered":"<p>Ocorreu no dia 02 de outubro a segunda reuni\u00e3o do Grupo de Trabalho constante da Cl\u00e1usula Nona do Termo de Acordo n\u00ba1\/2012, o GT-Docentes. Na reuni\u00e3o estavam os seguintes representantes: pelo PROIFES, Gil Vicente Figueiredo (Presidente da ADUFSCar), S\u00edlvia Ferreira (Presidente da APUB),\u00a0Nilton Brand\u00e3o (Presidente do SINDIEDUTEC) e Paulo Haidamus (Presidente da ADUFMS); pelo MEC, [&hellip;]<\/p>\n","protected":false},"author":1,"featured_media":0,"comment_status":"closed","ping_status":"closed","sticky":false,"template":"","format":"standard","meta":{"footnotes":""},"categories":[146],"tags":[],"class_list":["post-7589","post","type-post","status-publish","format-standard","hentry","category-latest-news"],"_links":{"self":[{"href":"https:\/\/apub.org.br\/siteantigo\/wp-json\/wp\/v2\/posts\/7589","targetHints":{"allow":["GET"]}}],"collection":[{"href":"https:\/\/apub.org.br\/siteantigo\/wp-json\/wp\/v2\/posts"}],"about":[{"href":"https:\/\/apub.org.br\/siteantigo\/wp-json\/wp\/v2\/types\/post"}],"author":[{"embeddable":true,"href":"https:\/\/apub.org.br\/siteantigo\/wp-json\/wp\/v2\/users\/1"}],"replies":[{"embeddable":true,"href":"https:\/\/apub.org.br\/siteantigo\/wp-json\/wp\/v2\/comments?post=7589"}],"version-history":[{"count":0,"href":"https:\/\/apub.org.br\/siteantigo\/wp-json\/wp\/v2\/posts\/7589\/revisions"}],"wp:attachment":[{"href":"https:\/\/apub.org.br\/siteantigo\/wp-json\/wp\/v2\/media?parent=7589"}],"wp:term":[{"taxonomy":"category","embeddable":true,"href":"https:\/\/apub.org.br\/siteantigo\/wp-json\/wp\/v2\/categories?post=7589"},{"taxonomy":"post_tag","embeddable":true,"href":"https:\/\/apub.org.br\/siteantigo\/wp-json\/wp\/v2\/tags?post=7589"}],"curies":[{"name":"wp","href":"https:\/\/api.w.org\/{rel}","templated":true}]}}