{"id":7655,"date":"2012-10-15T13:46:32","date_gmt":"2012-10-15T13:46:32","guid":{"rendered":"http:\/\/apub.org.br\/?p=7655"},"modified":"2012-10-15T13:46:32","modified_gmt":"2012-10-15T13:46:32","slug":"instituto-de-psicologia-inscreve-para-selecao-de-professores-substitutos","status":"publish","type":"post","link":"https:\/\/apub.org.br\/siteantigo\/instituto-de-psicologia-inscreve-para-selecao-de-professores-substitutos\/","title":{"rendered":"Instituto de Psicologia inscreve para sele\u00e7\u00e3o de professores substitutos"},"content":{"rendered":"<div id=\"content-header\">\n<p style=\"text-align: justify;\">As inscri\u00e7\u00f5es prosseguem at\u00e9 o dia 17 de outubro<\/p>\n<\/div>\n<div id=\"content-area\">\n<div id=\"node-13724\">\n<p style=\"text-align: justify;\">Est\u00e3o abertas as inscri\u00e7\u00f5es para o Processo Seletivo para Contrata\u00e7\u00e3o de Docentes por tempo Determinado em Psicologia e Servi\u00e7o Social da UFBA \u2013 Edital n.\u00ba 9\/2012.\u00a0 O per\u00edodo de inscri\u00e7\u00e3o vai at\u00e9 o dia 17 de outubro deste ano.\u00a0As mat\u00e9rias de Psicologia s\u00e3o: a) Psicologia I, Psicologia Organizacional e Psicologia e Organiza\u00e7\u00f5es; b) Psicologia das Rela\u00e7\u00f5es Humanas; e\u00a0c) Psicologia das Rela\u00e7\u00f5es Humanas, Psicologia Aplicada \u00e0 Sa\u00fade, Psicologia do Desenvolvimento Humano e Psicologia e Sa\u00fade.\u00a0As mat\u00e9rias de Servi\u00e7o Social s\u00e3o: a) Trabalho e Sociabilidade, Trabalho Profissional e Pol\u00edtica de Assist\u00eancia, Servi\u00e7o Social e Processos de Trabalho II e Pesquisa e Servi\u00e7o Social II; e\u00a0b) Fundamentos Hist\u00f3ricos Te\u00f3ricos Metodol\u00f3gicos I, \u00c9tica Profissional, Movimentos Sociais, \u00c9tica e Processos Participativos. Mais informa\u00e7\u00f5es podem ser obtidas junto ao Instituto de Psicologia \u2013 Estrada de S\u00e3o L\u00e1zaro, 197 \u2013 Federa\u00e7\u00e3o \u2013 Salvador \u2013 Bahia. Telefone: (71) 3283-6437.<\/p>\n<\/div>\n<\/div>\n","protected":false},"excerpt":{"rendered":"<p>As inscri\u00e7\u00f5es prosseguem at\u00e9 o dia 17 de outubro Est\u00e3o abertas as inscri\u00e7\u00f5es para o Processo Seletivo para Contrata\u00e7\u00e3o de Docentes por tempo Determinado em Psicologia e Servi\u00e7o Social da UFBA \u2013 Edital n.\u00ba 9\/2012.\u00a0 O per\u00edodo de inscri\u00e7\u00e3o vai at\u00e9 o dia 17 de outubro deste ano.\u00a0As mat\u00e9rias de Psicologia s\u00e3o: a) Psicologia I, [&hellip;]<\/p>\n","protected":false},"author":1,"featured_media":0,"comment_status":"closed","ping_status":"closed","sticky":false,"template":"","format":"standard","meta":{"footnotes":""},"categories":[146],"tags":[],"class_list":["post-7655","post","type-post","status-publish","format-standard","hentry","category-latest-news"],"_links":{"self":[{"href":"https:\/\/apub.org.br\/siteantigo\/wp-json\/wp\/v2\/posts\/7655","targetHints":{"allow":["GET"]}}],"collection":[{"href":"https:\/\/apub.org.br\/siteantigo\/wp-json\/wp\/v2\/posts"}],"about":[{"href":"https:\/\/apub.org.br\/siteantigo\/wp-json\/wp\/v2\/types\/post"}],"author":[{"embeddable":true,"href":"https:\/\/apub.org.br\/siteantigo\/wp-json\/wp\/v2\/users\/1"}],"replies":[{"embeddable":true,"href":"https:\/\/apub.org.br\/siteantigo\/wp-json\/wp\/v2\/comments?post=7655"}],"version-history":[{"count":0,"href":"https:\/\/apub.org.br\/siteantigo\/wp-json\/wp\/v2\/posts\/7655\/revisions"}],"wp:attachment":[{"href":"https:\/\/apub.org.br\/siteantigo\/wp-json\/wp\/v2\/media?parent=7655"}],"wp:term":[{"taxonomy":"category","embeddable":true,"href":"https:\/\/apub.org.br\/siteantigo\/wp-json\/wp\/v2\/categories?post=7655"},{"taxonomy":"post_tag","embeddable":true,"href":"https:\/\/apub.org.br\/siteantigo\/wp-json\/wp\/v2\/tags?post=7655"}],"curies":[{"name":"wp","href":"https:\/\/api.w.org\/{rel}","templated":true}]}}