{"id":8736,"date":"2013-02-22T21:41:56","date_gmt":"2013-02-22T21:41:56","guid":{"rendered":"http:\/\/apub.org.br\/?p=8736"},"modified":"2013-02-22T21:41:56","modified_gmt":"2013-02-22T21:41:56","slug":"apub-responde-questionamentos-sobre-carreira-e-funpresp","status":"publish","type":"post","link":"https:\/\/apub.org.br\/siteantigo\/apub-responde-questionamentos-sobre-carreira-e-funpresp\/","title":{"rendered":"Apub responde questionamentos sobre carreira e Funpresp"},"content":{"rendered":"<p>Imediatamente ap\u00f3s a APUB anunciar o novo canal de intera\u00e7\u00e3o com a base, v\u00e1rios filiados j\u00e1 encaminharam os questionamentos para o email da entidade sindical. Diante do grande n\u00famero de solicita\u00e7\u00f5es, a diretoria vai procurar agrupar as perguntas por temas e responder atrav\u00e9s do site. Uma p\u00e1gina foi criada especificamente para isso. O objetivo \u00e9 compartilhar os esclarecimentos, pois s\u00e3o comuns \u00e0 maioria, e dirimir as d\u00favidas coletivamente. Para ajudar a diretoria a tornar as quest\u00f5es suficientemente transparentes para os docentes, \u00e9 preciso que os professores enviem suas indaga\u00e7\u00f5es. Lembrando que em 21 de mar\u00e7o ser\u00e1 realizado um debates sobre os temas.<\/p>\n","protected":false},"excerpt":{"rendered":"<p>Imediatamente ap\u00f3s a APUB anunciar o novo canal de intera\u00e7\u00e3o com a base, v\u00e1rios filiados j\u00e1 encaminharam os questionamentos para o email da entidade sindical. Diante do grande n\u00famero de solicita\u00e7\u00f5es, a diretoria vai procurar agrupar as perguntas por temas e responder atrav\u00e9s do site. Uma p\u00e1gina foi criada especificamente para isso. O objetivo \u00e9 [&hellip;]<\/p>\n","protected":false},"author":1,"featured_media":0,"comment_status":"closed","ping_status":"closed","sticky":false,"template":"","format":"standard","meta":{"footnotes":""},"categories":[137,139,141,142,144,146],"tags":[],"class_list":["post-8736","post","type-post","status-publish","format-standard","hentry","category-carreira-2","category-educacao","category-ifba","category-proifes-2","category-ufba-latest-news","category-latest-news"],"_links":{"self":[{"href":"https:\/\/apub.org.br\/siteantigo\/wp-json\/wp\/v2\/posts\/8736","targetHints":{"allow":["GET"]}}],"collection":[{"href":"https:\/\/apub.org.br\/siteantigo\/wp-json\/wp\/v2\/posts"}],"about":[{"href":"https:\/\/apub.org.br\/siteantigo\/wp-json\/wp\/v2\/types\/post"}],"author":[{"embeddable":true,"href":"https:\/\/apub.org.br\/siteantigo\/wp-json\/wp\/v2\/users\/1"}],"replies":[{"embeddable":true,"href":"https:\/\/apub.org.br\/siteantigo\/wp-json\/wp\/v2\/comments?post=8736"}],"version-history":[{"count":0,"href":"https:\/\/apub.org.br\/siteantigo\/wp-json\/wp\/v2\/posts\/8736\/revisions"}],"wp:attachment":[{"href":"https:\/\/apub.org.br\/siteantigo\/wp-json\/wp\/v2\/media?parent=8736"}],"wp:term":[{"taxonomy":"category","embeddable":true,"href":"https:\/\/apub.org.br\/siteantigo\/wp-json\/wp\/v2\/categories?post=8736"},{"taxonomy":"post_tag","embeddable":true,"href":"https:\/\/apub.org.br\/siteantigo\/wp-json\/wp\/v2\/tags?post=8736"}],"curies":[{"name":"wp","href":"https:\/\/api.w.org\/{rel}","templated":true}]}}