{"id":8751,"date":"2013-02-27T12:58:13","date_gmt":"2013-02-27T12:58:13","guid":{"rendered":"http:\/\/apub.org.br\/?p=8751"},"modified":"2013-02-27T12:58:13","modified_gmt":"2013-02-27T12:58:13","slug":"marcha-das-centrais-em-defesa-da-valorizacao-do-trabalho","status":"publish","type":"post","link":"https:\/\/apub.org.br\/siteantigo\/marcha-das-centrais-em-defesa-da-valorizacao-do-trabalho\/","title":{"rendered":"Apub vai \u00e0 marcha em defesa da valoriza\u00e7\u00e3o do trabalho"},"content":{"rendered":"<div id=\"_mcePaste\"><span style=\"font-size: 13px; line-height: 19px;\">Em atendimento \u00e0 convoca\u00e7\u00e3o da CUT (Central \u00danica dos Trabalhadores) e por considerar o movimento fundamental, a Apub Sindicato marca presen\u00e7a na 7\u00aa Marcha das Centrais, que ocorre em Bras\u00edlia, no pr\u00f3ximo dia 6 de mar\u00e7o. Com o tema \u201cEm defesa da cidadania, do desenvolvimento e da valoriza\u00e7\u00e3o do trabalho\u201d, o evento re\u00fane movimentos sociais de sindicais de todo o pa\u00eds. Com a atividade, a classe trabalhadora quer ampliar a press\u00e3o sobre o governo federal e o Congresso Nacional pela retomada dos investimentos p\u00fablicos, em defesa da produ\u00e7\u00e3o, valoriza\u00e7\u00e3o de sal\u00e1rios e empregos de qualidade no Brasil. Tamb\u00e9m na pauta, redu\u00e7\u00e3o da jornada para 40 horas sem diminui\u00e7\u00e3o de sal\u00e1rios, fim do Fator Previdenci\u00e1rio, 10% do PIB para a educa\u00e7\u00e3o e 10% do or\u00e7amento da Uni\u00e3o para a sa\u00fade, negocia\u00e7\u00e3o coletiva no setor p\u00fablico, reforma agr\u00e1ria, combate \u00e0 demiss\u00e3o imotivada, valoriza\u00e7\u00e3o das aposentadorias, principalmente agora com o Funpresp validado, al\u00e9m da isonomia no mercado de trabalho e igualdade de oportunidades entre os g\u00eaneros.<\/span><\/div>\n","protected":false},"excerpt":{"rendered":"<p>Em atendimento \u00e0 convoca\u00e7\u00e3o da CUT (Central \u00danica dos Trabalhadores) e por considerar o movimento fundamental, a Apub Sindicato marca presen\u00e7a na 7\u00aa Marcha das Centrais, que ocorre em Bras\u00edlia, no pr\u00f3ximo dia 6 de mar\u00e7o. Com o tema \u201cEm defesa da cidadania, do desenvolvimento e da valoriza\u00e7\u00e3o do trabalho\u201d, o evento re\u00fane movimentos sociais [&hellip;]<\/p>\n","protected":false},"author":1,"featured_media":0,"comment_status":"closed","ping_status":"closed","sticky":false,"template":"","format":"standard","meta":{"footnotes":""},"categories":[139,146],"tags":[],"class_list":["post-8751","post","type-post","status-publish","format-standard","hentry","category-educacao","category-latest-news"],"_links":{"self":[{"href":"https:\/\/apub.org.br\/siteantigo\/wp-json\/wp\/v2\/posts\/8751","targetHints":{"allow":["GET"]}}],"collection":[{"href":"https:\/\/apub.org.br\/siteantigo\/wp-json\/wp\/v2\/posts"}],"about":[{"href":"https:\/\/apub.org.br\/siteantigo\/wp-json\/wp\/v2\/types\/post"}],"author":[{"embeddable":true,"href":"https:\/\/apub.org.br\/siteantigo\/wp-json\/wp\/v2\/users\/1"}],"replies":[{"embeddable":true,"href":"https:\/\/apub.org.br\/siteantigo\/wp-json\/wp\/v2\/comments?post=8751"}],"version-history":[{"count":0,"href":"https:\/\/apub.org.br\/siteantigo\/wp-json\/wp\/v2\/posts\/8751\/revisions"}],"wp:attachment":[{"href":"https:\/\/apub.org.br\/siteantigo\/wp-json\/wp\/v2\/media?parent=8751"}],"wp:term":[{"taxonomy":"category","embeddable":true,"href":"https:\/\/apub.org.br\/siteantigo\/wp-json\/wp\/v2\/categories?post=8751"},{"taxonomy":"post_tag","embeddable":true,"href":"https:\/\/apub.org.br\/siteantigo\/wp-json\/wp\/v2\/tags?post=8751"}],"curies":[{"name":"wp","href":"https:\/\/api.w.org\/{rel}","templated":true}]}}