{"id":8801,"date":"2013-03-07T13:52:28","date_gmt":"2013-03-07T13:52:28","guid":{"rendered":"http:\/\/apub.org.br\/?p=8801"},"modified":"2013-03-07T13:52:28","modified_gmt":"2013-03-07T13:52:28","slug":"apub-marcha-em-brasilia-pela-valorizacao-do-trabalho","status":"publish","type":"post","link":"https:\/\/apub.org.br\/siteantigo\/apub-marcha-em-brasilia-pela-valorizacao-do-trabalho\/","title":{"rendered":"Apub marcha em Bras\u00edlia pela valoriza\u00e7\u00e3o do trabalho"},"content":{"rendered":"<p><a rel=\"attachment wp-att-8812\" href=\"http:\/\/apub.org.br\/?attachment_id=8812\"><img fetchpriority=\"high\" decoding=\"async\" class=\"alignleft size-medium wp-image-8812\" title=\"Foto Dino Santos - CUT\" src=\"http:\/\/apub.org.br\/wp-content\/uploads\/2013\/03\/7Marcha-DinoSantosbaixa-300x218.jpg\" alt=\"\" width=\"300\" height=\"218\" \/><\/a>A Apub se uniu aos outros sindicatos e centrais sindicais nesta quarta-feira (06\/03), em Bras\u00edlia, para engrossar o coro pela valoriza\u00e7\u00e3o dos trabalhadores. Os 50 mil manifestantes seguiram em passeata do Est\u00e1dio Man\u00e9 Garrincha at\u00e9 a Esplanada dos Minist\u00e9rios. O movimento na capital federal, que teve como tema Cidadania, Desenvolvimento e Valoriza\u00e7\u00e3o do Trabalho, homenageou o presidente venezuelano Hugo Ch\u00e1vez. Al\u00e9m disso, os trabalhadores refor\u00e7aram a luta feminista por igualdade de sal\u00e1rios e direitos. Tamb\u00e9m na pauta, a necessidade de ampliar os investimentos p\u00fablicos em infraestrutura e nas \u00e1reas sociais, fortalecimento do mercado interno e redistribui\u00e7\u00e3o de renda, licen\u00e7a-maternidade de seis meses a todas as mulheres, redu\u00e7\u00e3o da jornada para 40 horas semanais sem a diminui\u00e7\u00e3o da remunera\u00e7\u00e3o, fim do fator previdenci\u00e1rio, 10% do PIB para a educa\u00e7\u00e3o, negocia\u00e7\u00e3o coletiva no setor p\u00fablico, reforma agr\u00e1ria, 10% do or\u00e7amento da Uni\u00e3o para a sa\u00fade, combate \u00e0 demiss\u00e3o imotivada, valoriza\u00e7\u00e3o das aposentadorias, isonomia entre homens e mulheres no mercado de trabalho.<\/p>\n","protected":false},"excerpt":{"rendered":"<p>A Apub se uniu aos outros sindicatos e centrais sindicais nesta quarta-feira (06\/03), em Bras\u00edlia, para engrossar o coro pela valoriza\u00e7\u00e3o dos trabalhadores. Os 50 mil manifestantes seguiram em passeata do Est\u00e1dio Man\u00e9 Garrincha at\u00e9 a Esplanada dos Minist\u00e9rios. O movimento na capital federal, que teve como tema Cidadania, Desenvolvimento e Valoriza\u00e7\u00e3o do Trabalho, homenageou [&hellip;]<\/p>\n","protected":false},"author":1,"featured_media":0,"comment_status":"closed","ping_status":"closed","sticky":false,"template":"","format":"standard","meta":{"footnotes":""},"categories":[146],"tags":[],"class_list":["post-8801","post","type-post","status-publish","format-standard","hentry","category-latest-news"],"_links":{"self":[{"href":"https:\/\/apub.org.br\/siteantigo\/wp-json\/wp\/v2\/posts\/8801","targetHints":{"allow":["GET"]}}],"collection":[{"href":"https:\/\/apub.org.br\/siteantigo\/wp-json\/wp\/v2\/posts"}],"about":[{"href":"https:\/\/apub.org.br\/siteantigo\/wp-json\/wp\/v2\/types\/post"}],"author":[{"embeddable":true,"href":"https:\/\/apub.org.br\/siteantigo\/wp-json\/wp\/v2\/users\/1"}],"replies":[{"embeddable":true,"href":"https:\/\/apub.org.br\/siteantigo\/wp-json\/wp\/v2\/comments?post=8801"}],"version-history":[{"count":0,"href":"https:\/\/apub.org.br\/siteantigo\/wp-json\/wp\/v2\/posts\/8801\/revisions"}],"wp:attachment":[{"href":"https:\/\/apub.org.br\/siteantigo\/wp-json\/wp\/v2\/media?parent=8801"}],"wp:term":[{"taxonomy":"category","embeddable":true,"href":"https:\/\/apub.org.br\/siteantigo\/wp-json\/wp\/v2\/categories?post=8801"},{"taxonomy":"post_tag","embeddable":true,"href":"https:\/\/apub.org.br\/siteantigo\/wp-json\/wp\/v2\/tags?post=8801"}],"curies":[{"name":"wp","href":"https:\/\/api.w.org\/{rel}","templated":true}]}}